{"id":11926,"date":"2023-06-01T14:37:14","date_gmt":"2023-06-01T12:37:14","guid":{"rendered":"https:\/\/www.ingridslaa.nl\/gruppenausstellung-out-standing\/"},"modified":"2024-04-09T16:16:19","modified_gmt":"2024-04-09T14:16:19","slug":"gruppenausstellung-out-standing","status":"publish","type":"post","link":"https:\/\/www.ingridslaa.nl\/de\/gruppenausstellung-out-standing\/","title":{"rendered":"10. Juni 2023: Gruppenausstellung Herausragend"},"content":{"rendered":"<div  class='flex_column av-wdif0e-a3cc18fc9f19f6609926e3a38c25d913 av_one_full  avia-builder-el-0  el_before_av_heading  avia-builder-el-first  first flex_column_div  '     ><\/div>\n\n<style type=\"text\/css\" data-created_by=\"avia_inline_auto\" id=\"style-css-av-lid47l0b-1135fdd0add8ebd1c1bbbe0b4eb07954\">\n#top .av-special-heading.av-lid47l0b-1135fdd0add8ebd1c1bbbe0b4eb07954{\npadding-bottom:10px;\n}\nbody .av-special-heading.av-lid47l0b-1135fdd0add8ebd1c1bbbe0b4eb07954 .av-special-heading-tag .heading-char{\nfont-size:25px;\n}\n.av-special-heading.av-lid47l0b-1135fdd0add8ebd1c1bbbe0b4eb07954 .av-subheading{\nfont-size:15px;\n}\n<\/style>\n<div  class='av-special-heading av-lid47l0b-1135fdd0add8ebd1c1bbbe0b4eb07954 av-special-heading-h3  avia-builder-el-1  el_after_av_one_full  el_before_av_textblock '><h3 class='av-special-heading-tag '  itemprop=\"headline\"  >Gruppenausstellung Out-standing<\/h3><div class=\"special-heading-border\"><div class=\"special-heading-inner-border\"><\/div><\/div><\/div>\n<section  class='av_textblock_section av-lid4f6gv-4b399ca38b41043abe3f43ea05036fad '   itemscope=\"itemscope\" itemtype=\"https:\/\/schema.org\/BlogPosting\" itemprop=\"blogPost\" ><div class='avia_textblock'  itemprop=\"text\" ><p style=\"text-align: left;\"><strong>10. Juni 2023 war die Gruppenausstellung Uit-stekend von 6 lokalen und regionalen K\u00fcnstlern.<\/strong><\/p>\n<p><strong>Gab de Muralt<\/strong> schafft gro\u00dfformatige Papierarbeiten. Sie klebt verschiedene Papiere zusammen und beginnt dann, sie zu zerrei\u00dfen und Teile herauszunehmen. So entstehen spannende Strukturen, Ausblicke und Geschichten. <strong>Eljo van Zetten<\/strong> sieht Kunst als geistige Nahrung. Mit ihrer Werke versucht sie, Balsam f\u00fcr die Seele zu schaffen. <strong>Elly Binkhorst<\/strong> stellt zwei Gem\u00e4lde aus ihrer Serie Onderwaterwereld aus. Da sie Textilien und Papier einbezieht, entsteht eine faszinierende Schichtung. <strong>Anneke van der Molen<\/strong> malt puppenartige Figuren. <strong>Marianne<\/strong> <strong>Brooijmans<\/strong> (nicht im Bild) verarbeitet handgesch\u00f6pftes Papier, gefundene und erhaltene Materialien in ihren Werken. Damit evoziert sie eine Atmosph\u00e4re der Zeitlosigkeit und Erinnerung. Im Werk von <strong>Ingrid Slaa<\/strong> sind Freiheit und Beschr\u00e4nkung ein wiederkehrendes Thema. Sie macht dies in ihren Werke, in denen der menschliche K\u00f6rper immer eine Rolle spielt, sichtbar und sp\u00fcrbar.<\/p>\n<p>Von jedem Teilnehmer werden zwei Werke in der Galerie ausgestellt. Sehr vielseitige Kunstwerke, sowohl flach als auch r\u00e4umlich.<\/p>\n<p>Es wird auch Arbeit geben. Jeder K\u00fcnstler bereitet zu Hause 2 Meter Leinwand oder Papier vor, die dann vor Ort weiter bearbeitet werden. Das Spannende daran ist, dass sie auch malen, zeichnen und sich gegenseitig in ihre Werke einf\u00fcgen k\u00f6nnen. Und die Besucher sind eingeladen, mitzumachen. Materialien sind in H\u00fclle und F\u00fclle vorhanden.<\/p>\n<p>Der Titel der Ausstellung lautet Uit-stekend: K\u00fcnstler gehen aufeinander und auf Kunstliebhaber zu. Passepartouts stehen zur Verf\u00fcgung, um St\u00fccke aus dem gro\u00dfen Gemeinschaftswerk &#8220;herauszustecken&#8220;. Diese St\u00fccke sind im Verkauf: 10 x 10 cm f\u00fcr 10 \u20ac, 15 x 15 cm f\u00fcr 15 \u20ac, &#8211; usw&#8230;<\/p>\n<\/div><\/section>\n\n<style type=\"text\/css\" data-created_by=\"avia_inline_auto\" id=\"style-css-av-lid4b0o9-41baae8134b31c1d72499a89eca2a850\">\n#top .avia-gallery.av-lid4b0o9-41baae8134b31c1d72499a89eca2a850 .avia-gallery-thumb a{\nwidth:16.6667%;\n}\n<\/style>\n<div  class='avia-gallery av-lid4b0o9-41baae8134b31c1d72499a89eca2a850 avia_animate_when_visible  avia-builder-el-3  el_after_av_textblock  avia-builder-el-last  avia_lazyload avia-gallery-animate avia-gallery-1'  itemprop=\"image\" itemscope=\"itemscope\" itemtype=\"https:\/\/schema.org\/ImageObject\" ><meta itemprop=\"contentURL\" content=\"https:\/\/www.ingridslaa.nl\/de\/gruppenausstellung-out-standing\/\"><div class='avia-gallery-thumb'><a href=\"https:\/\/www.ingridslaa.nl\/wp-content\/uploads\/2023\/06\/Gab-de-Muralt-720x1030.jpg\" data-srcset=\"https:\/\/www.ingridslaa.nl\/wp-content\/uploads\/2023\/06\/Gab-de-Muralt-720x1030.jpg 720w, https:\/\/www.ingridslaa.nl\/wp-content\/uploads\/2023\/06\/Gab-de-Muralt-210x300.jpg 210w, https:\/\/www.ingridslaa.nl\/wp-content\/uploads\/2023\/06\/Gab-de-Muralt-493x705.jpg 493w, https:\/\/www.ingridslaa.nl\/wp-content\/uploads\/2023\/06\/Gab-de-Muralt.jpg 725w\" data-sizes=\"(max-width: 720px) 100vw, 720px\" data-rel='gallery-1' data-prev-img='https:\/\/www.ingridslaa.nl\/wp-content\/uploads\/2023\/06\/Gab-de-Muralt-495x400.jpg' class='first_thumb lightbox ' data-onclick='1' title='Gab de Muralt'  itemprop=\"thumbnailUrl\"  ><img decoding=\"async\" fetchpriority=\"high\" class=\"wp-image-11914 avia-img-lazy-loading-not-11914\"  data-avia-tooltip='Gab de Muralt' src=\"https:\/\/www.ingridslaa.nl\/wp-content\/uploads\/2023\/06\/Gab-de-Muralt.jpg\" width=\"725\" height=\"1037\"  title='Gab de Muralt' alt='' srcset=\"https:\/\/www.ingridslaa.nl\/wp-content\/uploads\/2023\/06\/Gab-de-Muralt.jpg 725w, https:\/\/www.ingridslaa.nl\/wp-content\/uploads\/2023\/06\/Gab-de-Muralt-210x300.jpg 210w, https:\/\/www.ingridslaa.nl\/wp-content\/uploads\/2023\/06\/Gab-de-Muralt-720x1030.jpg 720w, https:\/\/www.ingridslaa.nl\/wp-content\/uploads\/2023\/06\/Gab-de-Muralt-493x705.jpg 493w\" sizes=\"(max-width: 725px) 100vw, 725px\" \/><div class='big-prev-fake'><img decoding=\"async\" loading=\"lazy\" class=\"wp-image-11914 avia-img-lazy-loading-11914\"  width=\"495\" height=\"400\" src=\"https:\/\/www.ingridslaa.nl\/wp-content\/uploads\/2023\/06\/Gab-de-Muralt-495x400.jpg\" title='Gab de Muralt' alt='' \/><\/div><\/a><a href=\"https:\/\/www.ingridslaa.nl\/wp-content\/uploads\/2023\/06\/Eljo-van-Zetten.jpg\" data-srcset=\"https:\/\/www.ingridslaa.nl\/wp-content\/uploads\/2023\/06\/Eljo-van-Zetten.jpg 600w, https:\/\/www.ingridslaa.nl\/wp-content\/uploads\/2023\/06\/Eljo-van-Zetten-234x300.jpg 234w, https:\/\/www.ingridslaa.nl\/wp-content\/uploads\/2023\/06\/Eljo-van-Zetten-549x705.jpg 549w\" data-sizes=\"(max-width: 600px) 100vw, 600px\" data-rel='gallery-1' data-prev-img='https:\/\/www.ingridslaa.nl\/wp-content\/uploads\/2023\/06\/Eljo-van-Zetten-495x400.jpg' class='lightbox ' data-onclick='2' title='Eljo van Zetten'  itemprop=\"thumbnailUrl\"  ><img decoding=\"async\" fetchpriority=\"high\" class=\"wp-image-11908 avia-img-lazy-loading-not-11908\"  data-avia-tooltip='Eljo van Zetten' src=\"https:\/\/www.ingridslaa.nl\/wp-content\/uploads\/2023\/06\/Eljo-van-Zetten.jpg\" width=\"600\" height=\"770\"  title='Eljo van Zetten' alt='' srcset=\"https:\/\/www.ingridslaa.nl\/wp-content\/uploads\/2023\/06\/Eljo-van-Zetten.jpg 600w, https:\/\/www.ingridslaa.nl\/wp-content\/uploads\/2023\/06\/Eljo-van-Zetten-234x300.jpg 234w, https:\/\/www.ingridslaa.nl\/wp-content\/uploads\/2023\/06\/Eljo-van-Zetten-549x705.jpg 549w\" sizes=\"(max-width: 600px) 100vw, 600px\" \/><div class='big-prev-fake'><img decoding=\"async\" loading=\"lazy\" class=\"wp-image-11908 avia-img-lazy-loading-11908\"  width=\"495\" height=\"400\" src=\"https:\/\/www.ingridslaa.nl\/wp-content\/uploads\/2023\/06\/Eljo-van-Zetten-495x400.jpg\" title='Eljo van Zetten' alt='' \/><\/div><\/a><a href=\"https:\/\/www.ingridslaa.nl\/wp-content\/uploads\/2023\/06\/Elly-Binkhorst.jpg\" data-srcset=\"https:\/\/www.ingridslaa.nl\/wp-content\/uploads\/2023\/06\/Elly-Binkhorst.jpg 1025w, https:\/\/www.ingridslaa.nl\/wp-content\/uploads\/2023\/06\/Elly-Binkhorst-300x300.jpg 300w, https:\/\/www.ingridslaa.nl\/wp-content\/uploads\/2023\/06\/Elly-Binkhorst-80x80.jpg 80w, https:\/\/www.ingridslaa.nl\/wp-content\/uploads\/2023\/06\/Elly-Binkhorst-768x769.jpg 768w, https:\/\/www.ingridslaa.nl\/wp-content\/uploads\/2023\/06\/Elly-Binkhorst-36x36.jpg 36w, https:\/\/www.ingridslaa.nl\/wp-content\/uploads\/2023\/06\/Elly-Binkhorst-180x180.jpg 180w, https:\/\/www.ingridslaa.nl\/wp-content\/uploads\/2023\/06\/Elly-Binkhorst-705x705.jpg 705w\" data-sizes=\"(max-width: 1025px) 100vw, 1025px\" data-rel='gallery-1' data-prev-img='https:\/\/www.ingridslaa.nl\/wp-content\/uploads\/2023\/06\/Elly-Binkhorst-495x400.jpg' class='lightbox ' data-onclick='3' title='Elly Binkhorst'  itemprop=\"thumbnailUrl\"  ><img decoding=\"async\" fetchpriority=\"high\" class=\"wp-image-11911 avia-img-lazy-loading-not-11911\"  data-avia-tooltip='Elly Binkhorst' src=\"https:\/\/www.ingridslaa.nl\/wp-content\/uploads\/2023\/06\/Elly-Binkhorst.jpg\" width=\"1025\" height=\"1027\"  title='Elly Binkhorst' alt='' srcset=\"https:\/\/www.ingridslaa.nl\/wp-content\/uploads\/2023\/06\/Elly-Binkhorst.jpg 1025w, https:\/\/www.ingridslaa.nl\/wp-content\/uploads\/2023\/06\/Elly-Binkhorst-300x300.jpg 300w, https:\/\/www.ingridslaa.nl\/wp-content\/uploads\/2023\/06\/Elly-Binkhorst-80x80.jpg 80w, https:\/\/www.ingridslaa.nl\/wp-content\/uploads\/2023\/06\/Elly-Binkhorst-768x769.jpg 768w, https:\/\/www.ingridslaa.nl\/wp-content\/uploads\/2023\/06\/Elly-Binkhorst-36x36.jpg 36w, https:\/\/www.ingridslaa.nl\/wp-content\/uploads\/2023\/06\/Elly-Binkhorst-180x180.jpg 180w, https:\/\/www.ingridslaa.nl\/wp-content\/uploads\/2023\/06\/Elly-Binkhorst-705x705.jpg 705w\" sizes=\"(max-width: 1025px) 100vw, 1025px\" \/><div class='big-prev-fake'><img decoding=\"async\" loading=\"lazy\" class=\"wp-image-11911 avia-img-lazy-loading-11911\"  width=\"495\" height=\"400\" src=\"https:\/\/www.ingridslaa.nl\/wp-content\/uploads\/2023\/06\/Elly-Binkhorst-495x400.jpg\" title='Elly Binkhorst' alt='' srcset=\"https:\/\/www.ingridslaa.nl\/wp-content\/uploads\/2023\/06\/Elly-Binkhorst-495x400.jpg 495w, https:\/\/www.ingridslaa.nl\/wp-content\/uploads\/2023\/06\/Elly-Binkhorst-845x684.jpg 845w\" sizes=\"auto, (max-width: 495px) 100vw, 495px\" \/><\/div><\/a><a href=\"https:\/\/www.ingridslaa.nl\/wp-content\/uploads\/2023\/06\/Anneke-van-der-Molen.jpg\" data-srcset=\"https:\/\/www.ingridslaa.nl\/wp-content\/uploads\/2023\/06\/Anneke-van-der-Molen.jpg 725w, https:\/\/www.ingridslaa.nl\/wp-content\/uploads\/2023\/06\/Anneke-van-der-Molen-300x79.jpg 300w, https:\/\/www.ingridslaa.nl\/wp-content\/uploads\/2023\/06\/Anneke-van-der-Molen-705x186.jpg 705w\" data-sizes=\"(max-width: 725px) 100vw, 725px\" data-rel='gallery-1' data-prev-img='https:\/\/www.ingridslaa.nl\/wp-content\/uploads\/2023\/06\/Anneke-van-der-Molen-495x191.jpg' class='lightbox ' data-onclick='4' title='Anneke van der Molen'  itemprop=\"thumbnailUrl\"  ><img decoding=\"async\" fetchpriority=\"high\" class=\"wp-image-11905 avia-img-lazy-loading-not-11905\"  data-avia-tooltip='Anneke van der Molen' src=\"https:\/\/www.ingridslaa.nl\/wp-content\/uploads\/2023\/06\/Anneke-van-der-Molen.jpg\" width=\"725\" height=\"191\"  title='Anneke van der Molen' alt='' srcset=\"https:\/\/www.ingridslaa.nl\/wp-content\/uploads\/2023\/06\/Anneke-van-der-Molen.jpg 725w, https:\/\/www.ingridslaa.nl\/wp-content\/uploads\/2023\/06\/Anneke-van-der-Molen-300x79.jpg 300w, https:\/\/www.ingridslaa.nl\/wp-content\/uploads\/2023\/06\/Anneke-van-der-Molen-705x186.jpg 705w\" sizes=\"(max-width: 725px) 100vw, 725px\" \/><div class='big-prev-fake'><img decoding=\"async\" loading=\"lazy\" class=\"wp-image-11905 avia-img-lazy-loading-11905\"  width=\"495\" height=\"191\" src=\"https:\/\/www.ingridslaa.nl\/wp-content\/uploads\/2023\/06\/Anneke-van-der-Molen-495x191.jpg\" title='Anneke van der Molen' alt='' \/><\/div><\/a><a href=\"https:\/\/www.ingridslaa.nl\/wp-content\/uploads\/2023\/06\/Marianne-Brooijmans-664x1030.jpeg\" data-srcset=\"https:\/\/www.ingridslaa.nl\/wp-content\/uploads\/2023\/06\/Marianne-Brooijmans-664x1030.jpeg 664w, https:\/\/www.ingridslaa.nl\/wp-content\/uploads\/2023\/06\/Marianne-Brooijmans-194x300.jpeg 194w, https:\/\/www.ingridslaa.nl\/wp-content\/uploads\/2023\/06\/Marianne-Brooijmans-455x705.jpeg 455w, https:\/\/www.ingridslaa.nl\/wp-content\/uploads\/2023\/06\/Marianne-Brooijmans.jpeg 725w\" data-sizes=\"(max-width: 664px) 100vw, 664px\" data-rel='gallery-1' data-prev-img='https:\/\/www.ingridslaa.nl\/wp-content\/uploads\/2023\/06\/Marianne-Brooijmans-495x400.jpeg' class='lightbox ' data-onclick='5' title='Marianne Brooijmans'  itemprop=\"thumbnailUrl\"  ><img decoding=\"async\" fetchpriority=\"high\" class=\"wp-image-11923 avia-img-lazy-loading-not-11923\"  data-avia-tooltip='Marianne Brooijmans' src=\"https:\/\/www.ingridslaa.nl\/wp-content\/uploads\/2023\/06\/Marianne-Brooijmans.jpeg\" width=\"725\" height=\"1124\"  title='Marianne Brooijmans' alt='' srcset=\"https:\/\/www.ingridslaa.nl\/wp-content\/uploads\/2023\/06\/Marianne-Brooijmans.jpeg 725w, https:\/\/www.ingridslaa.nl\/wp-content\/uploads\/2023\/06\/Marianne-Brooijmans-194x300.jpeg 194w, https:\/\/www.ingridslaa.nl\/wp-content\/uploads\/2023\/06\/Marianne-Brooijmans-664x1030.jpeg 664w, https:\/\/www.ingridslaa.nl\/wp-content\/uploads\/2023\/06\/Marianne-Brooijmans-455x705.jpeg 455w\" sizes=\"(max-width: 725px) 100vw, 725px\" \/><div class='big-prev-fake'><img decoding=\"async\" loading=\"lazy\" class=\"wp-image-11923 avia-img-lazy-loading-11923\"  width=\"495\" height=\"400\" src=\"https:\/\/www.ingridslaa.nl\/wp-content\/uploads\/2023\/06\/Marianne-Brooijmans-495x400.jpeg\" title='Marianne Brooijmans' alt='' \/><\/div><\/a><a href=\"https:\/\/www.ingridslaa.nl\/wp-content\/uploads\/2023\/06\/Ingrid-Slaa.jpg\" data-srcset=\"https:\/\/www.ingridslaa.nl\/wp-content\/uploads\/2023\/06\/Ingrid-Slaa.jpg 725w, https:\/\/www.ingridslaa.nl\/wp-content\/uploads\/2023\/06\/Ingrid-Slaa-225x300.jpg 225w, https:\/\/www.ingridslaa.nl\/wp-content\/uploads\/2023\/06\/Ingrid-Slaa-529x705.jpg 529w\" data-sizes=\"(max-width: 725px) 100vw, 725px\" data-rel='gallery-1' data-prev-img='https:\/\/www.ingridslaa.nl\/wp-content\/uploads\/2023\/06\/Ingrid-Slaa-495x400.jpg' class='lightbox ' data-onclick='6' title='Ingrid Slaa'  itemprop=\"thumbnailUrl\"  ><img decoding=\"async\" fetchpriority=\"high\" class=\"wp-image-11917 avia-img-lazy-loading-not-11917\"  data-avia-tooltip='Ingrid Slaa' src=\"https:\/\/www.ingridslaa.nl\/wp-content\/uploads\/2023\/06\/Ingrid-Slaa.jpg\" width=\"725\" height=\"967\"  title='Ingrid Slaa' alt='' srcset=\"https:\/\/www.ingridslaa.nl\/wp-content\/uploads\/2023\/06\/Ingrid-Slaa.jpg 725w, https:\/\/www.ingridslaa.nl\/wp-content\/uploads\/2023\/06\/Ingrid-Slaa-225x300.jpg 225w, https:\/\/www.ingridslaa.nl\/wp-content\/uploads\/2023\/06\/Ingrid-Slaa-529x705.jpg 529w\" sizes=\"(max-width: 725px) 100vw, 725px\" \/><div class='big-prev-fake'><img decoding=\"async\" loading=\"lazy\" class=\"wp-image-11917 avia-img-lazy-loading-11917\"  width=\"495\" height=\"400\" src=\"https:\/\/www.ingridslaa.nl\/wp-content\/uploads\/2023\/06\/Ingrid-Slaa-495x400.jpg\" title='Ingrid Slaa' alt='' \/><\/div><\/a><\/div><\/div>\n","protected":false},"excerpt":{"rendered":"<p>10. Juni 2023 war die Gruppenausstellung Uit-stekend von 6 lokalen und regionalen K\u00fcnstlern.<\/p>\n","protected":false},"author":3,"featured_media":11920,"comment_status":"closed","ping_status":"closed","sticky":false,"template":"","format":"standard","meta":{"inline_featured_image":false,"footnotes":""},"categories":[94],"tags":[],"class_list":["post-11926","post","type-post","status-publish","format-standard","has-post-thumbnail","hentry","category-archiv-der-gastkunstler"],"yoast_head":"<!-- This site is optimized with the Yoast SEO plugin v27.5 - https:\/\/yoast.com\/product\/yoast-seo-wordpress\/ -->\n<title>10. Juni 2023: Gruppenausstellung Herausragend - Ingrid Slaa<\/title>\n<meta name=\"robots\" content=\"index, follow, max-snippet:-1, max-image-preview:large, max-video-preview:-1\" \/>\n<link rel=\"canonical\" href=\"https:\/\/www.ingridslaa.nl\/de\/gruppenausstellung-out-standing\/\" \/>\n<meta property=\"og:locale\" content=\"de_DE\" \/>\n<meta property=\"og:type\" content=\"article\" \/>\n<meta property=\"og:title\" content=\"10. Juni 2023: Gruppenausstellung Herausragend - Ingrid Slaa\" \/>\n<meta property=\"og:description\" content=\"10. Juni 2023 war die Gruppenausstellung Uit-stekend von 6 lokalen und regionalen K\u00fcnstlern.\" \/>\n<meta property=\"og:url\" content=\"https:\/\/www.ingridslaa.nl\/de\/gruppenausstellung-out-standing\/\" \/>\n<meta property=\"og:site_name\" content=\"Ingrid Slaa\" \/>\n<meta property=\"article:published_time\" content=\"2023-06-01T12:37:14+00:00\" \/>\n<meta property=\"article:modified_time\" content=\"2024-04-09T14:16:19+00:00\" \/>\n<meta property=\"og:image\" content=\"https:\/\/www.ingridslaa.nl\/wp-content\/uploads\/2023\/06\/lokale-en-regionale-kunstenaars-in-Galerie-Ingrid-Slaa.jpeg\" \/>\n\t<meta property=\"og:image:width\" content=\"1025\" \/>\n\t<meta property=\"og:image:height\" content=\"769\" \/>\n\t<meta property=\"og:image:type\" content=\"image\/jpeg\" \/>\n<meta name=\"author\" content=\"I Slaa\" \/>\n<meta name=\"twitter:card\" content=\"summary_large_image\" \/>\n<meta name=\"twitter:label1\" content=\"Verfasst von\" \/>\n\t<meta name=\"twitter:data1\" content=\"\" \/>\n\t<meta name=\"twitter:label2\" content=\"Gesch\u00e4tzte Lesezeit\" \/>\n\t<meta name=\"twitter:data2\" content=\"5\u00a0Minuten\" \/>\n<script type=\"application\/ld+json\" class=\"yoast-schema-graph\">{\"@context\":\"https:\\\/\\\/schema.org\",\"@graph\":[{\"@type\":\"Article\",\"@id\":\"https:\\\/\\\/www.ingridslaa.nl\\\/de\\\/gruppenausstellung-out-standing\\\/#article\",\"isPartOf\":{\"@id\":\"https:\\\/\\\/www.ingridslaa.nl\\\/de\\\/gruppenausstellung-out-standing\\\/\"},\"author\":{\"name\":\"I Slaa\",\"@id\":\"https:\\\/\\\/www.ingridslaa.nl\\\/de\\\/#\\\/schema\\\/person\\\/3659b67200290459d0171e1aa3f5fb63\"},\"headline\":\"10. Juni 2023: Gruppenausstellung Herausragend\",\"datePublished\":\"2023-06-01T12:37:14+00:00\",\"dateModified\":\"2024-04-09T14:16:19+00:00\",\"mainEntityOfPage\":{\"@id\":\"https:\\\/\\\/www.ingridslaa.nl\\\/de\\\/gruppenausstellung-out-standing\\\/\"},\"wordCount\":738,\"image\":{\"@id\":\"https:\\\/\\\/www.ingridslaa.nl\\\/de\\\/gruppenausstellung-out-standing\\\/#primaryimage\"},\"thumbnailUrl\":\"https:\\\/\\\/www.ingridslaa.nl\\\/wp-content\\\/uploads\\\/2023\\\/06\\\/lokale-en-regionale-kunstenaars-in-Galerie-Ingrid-Slaa.jpeg\",\"articleSection\":[\"Archiv der Gastk\u00fcnstler\"],\"inLanguage\":\"de\"},{\"@type\":\"WebPage\",\"@id\":\"https:\\\/\\\/www.ingridslaa.nl\\\/de\\\/gruppenausstellung-out-standing\\\/\",\"url\":\"https:\\\/\\\/www.ingridslaa.nl\\\/de\\\/gruppenausstellung-out-standing\\\/\",\"name\":\"10. Juni 2023: Gruppenausstellung Herausragend - Ingrid Slaa\",\"isPartOf\":{\"@id\":\"https:\\\/\\\/www.ingridslaa.nl\\\/de\\\/#website\"},\"primaryImageOfPage\":{\"@id\":\"https:\\\/\\\/www.ingridslaa.nl\\\/de\\\/gruppenausstellung-out-standing\\\/#primaryimage\"},\"image\":{\"@id\":\"https:\\\/\\\/www.ingridslaa.nl\\\/de\\\/gruppenausstellung-out-standing\\\/#primaryimage\"},\"thumbnailUrl\":\"https:\\\/\\\/www.ingridslaa.nl\\\/wp-content\\\/uploads\\\/2023\\\/06\\\/lokale-en-regionale-kunstenaars-in-Galerie-Ingrid-Slaa.jpeg\",\"datePublished\":\"2023-06-01T12:37:14+00:00\",\"dateModified\":\"2024-04-09T14:16:19+00:00\",\"author\":{\"@id\":\"https:\\\/\\\/www.ingridslaa.nl\\\/de\\\/#\\\/schema\\\/person\\\/3659b67200290459d0171e1aa3f5fb63\"},\"breadcrumb\":{\"@id\":\"https:\\\/\\\/www.ingridslaa.nl\\\/de\\\/gruppenausstellung-out-standing\\\/#breadcrumb\"},\"inLanguage\":\"de\",\"potentialAction\":[{\"@type\":\"ReadAction\",\"target\":[\"https:\\\/\\\/www.ingridslaa.nl\\\/de\\\/gruppenausstellung-out-standing\\\/\"]}]},{\"@type\":\"ImageObject\",\"inLanguage\":\"de\",\"@id\":\"https:\\\/\\\/www.ingridslaa.nl\\\/de\\\/gruppenausstellung-out-standing\\\/#primaryimage\",\"url\":\"https:\\\/\\\/www.ingridslaa.nl\\\/wp-content\\\/uploads\\\/2023\\\/06\\\/lokale-en-regionale-kunstenaars-in-Galerie-Ingrid-Slaa.jpeg\",\"contentUrl\":\"https:\\\/\\\/www.ingridslaa.nl\\\/wp-content\\\/uploads\\\/2023\\\/06\\\/lokale-en-regionale-kunstenaars-in-Galerie-Ingrid-Slaa.jpeg\",\"width\":1025,\"height\":769},{\"@type\":\"BreadcrumbList\",\"@id\":\"https:\\\/\\\/www.ingridslaa.nl\\\/de\\\/gruppenausstellung-out-standing\\\/#breadcrumb\",\"itemListElement\":[{\"@type\":\"ListItem\",\"position\":1,\"name\":\"Home\",\"item\":\"https:\\\/\\\/www.ingridslaa.nl\\\/de\\\/startseite\\\/\"},{\"@type\":\"ListItem\",\"position\":2,\"name\":\"10. Juni 2023: Gruppenausstellung Herausragend\"}]},{\"@type\":\"WebSite\",\"@id\":\"https:\\\/\\\/www.ingridslaa.nl\\\/de\\\/#website\",\"url\":\"https:\\\/\\\/www.ingridslaa.nl\\\/de\\\/\",\"name\":\"Ingrid Slaa\",\"description\":\"\",\"potentialAction\":[{\"@type\":\"SearchAction\",\"target\":{\"@type\":\"EntryPoint\",\"urlTemplate\":\"https:\\\/\\\/www.ingridslaa.nl\\\/de\\\/?s={search_term_string}\"},\"query-input\":{\"@type\":\"PropertyValueSpecification\",\"valueRequired\":true,\"valueName\":\"search_term_string\"}}],\"inLanguage\":\"de\"},{\"@type\":\"Person\",\"@id\":\"https:\\\/\\\/www.ingridslaa.nl\\\/de\\\/#\\\/schema\\\/person\\\/3659b67200290459d0171e1aa3f5fb63\",\"name\":\"I Slaa\",\"image\":{\"@type\":\"ImageObject\",\"inLanguage\":\"de\",\"@id\":\"https:\\\/\\\/secure.gravatar.com\\\/avatar\\\/0aba7f5926f83ff32d8a0d9922ad8e1c5d10d06c3fccea95ab0fc464d6ee14dc?s=96&d=mm&r=g\",\"url\":\"https:\\\/\\\/secure.gravatar.com\\\/avatar\\\/0aba7f5926f83ff32d8a0d9922ad8e1c5d10d06c3fccea95ab0fc464d6ee14dc?s=96&d=mm&r=g\",\"contentUrl\":\"https:\\\/\\\/secure.gravatar.com\\\/avatar\\\/0aba7f5926f83ff32d8a0d9922ad8e1c5d10d06c3fccea95ab0fc464d6ee14dc?s=96&d=mm&r=g\",\"caption\":\"I Slaa\"},\"url\":\"https:\\\/\\\/www.ingridslaa.nl\\\/de\\\/author\\\/slaaingmar_36\\\/\"}]}<\/script>\n<!-- \/ Yoast SEO plugin. -->","yoast_head_json":{"title":"10. Juni 2023: Gruppenausstellung Herausragend - Ingrid Slaa","robots":{"index":"index","follow":"follow","max-snippet":"max-snippet:-1","max-image-preview":"max-image-preview:large","max-video-preview":"max-video-preview:-1"},"canonical":"https:\/\/www.ingridslaa.nl\/de\/gruppenausstellung-out-standing\/","og_locale":"de_DE","og_type":"article","og_title":"10. Juni 2023: Gruppenausstellung Herausragend - Ingrid Slaa","og_description":"10. Juni 2023 war die Gruppenausstellung Uit-stekend von 6 lokalen und regionalen K\u00fcnstlern.","og_url":"https:\/\/www.ingridslaa.nl\/de\/gruppenausstellung-out-standing\/","og_site_name":"Ingrid Slaa","article_published_time":"2023-06-01T12:37:14+00:00","article_modified_time":"2024-04-09T14:16:19+00:00","og_image":[{"width":1025,"height":769,"url":"https:\/\/www.ingridslaa.nl\/wp-content\/uploads\/2023\/06\/lokale-en-regionale-kunstenaars-in-Galerie-Ingrid-Slaa.jpeg","type":"image\/jpeg"}],"author":"I Slaa","twitter_card":"summary_large_image","twitter_misc":{"Verfasst von":false,"Gesch\u00e4tzte Lesezeit":"5\u00a0Minuten"},"schema":{"@context":"https:\/\/schema.org","@graph":[{"@type":"Article","@id":"https:\/\/www.ingridslaa.nl\/de\/gruppenausstellung-out-standing\/#article","isPartOf":{"@id":"https:\/\/www.ingridslaa.nl\/de\/gruppenausstellung-out-standing\/"},"author":{"name":"I Slaa","@id":"https:\/\/www.ingridslaa.nl\/de\/#\/schema\/person\/3659b67200290459d0171e1aa3f5fb63"},"headline":"10. Juni 2023: Gruppenausstellung Herausragend","datePublished":"2023-06-01T12:37:14+00:00","dateModified":"2024-04-09T14:16:19+00:00","mainEntityOfPage":{"@id":"https:\/\/www.ingridslaa.nl\/de\/gruppenausstellung-out-standing\/"},"wordCount":738,"image":{"@id":"https:\/\/www.ingridslaa.nl\/de\/gruppenausstellung-out-standing\/#primaryimage"},"thumbnailUrl":"https:\/\/www.ingridslaa.nl\/wp-content\/uploads\/2023\/06\/lokale-en-regionale-kunstenaars-in-Galerie-Ingrid-Slaa.jpeg","articleSection":["Archiv der Gastk\u00fcnstler"],"inLanguage":"de"},{"@type":"WebPage","@id":"https:\/\/www.ingridslaa.nl\/de\/gruppenausstellung-out-standing\/","url":"https:\/\/www.ingridslaa.nl\/de\/gruppenausstellung-out-standing\/","name":"10. Juni 2023: Gruppenausstellung Herausragend - Ingrid Slaa","isPartOf":{"@id":"https:\/\/www.ingridslaa.nl\/de\/#website"},"primaryImageOfPage":{"@id":"https:\/\/www.ingridslaa.nl\/de\/gruppenausstellung-out-standing\/#primaryimage"},"image":{"@id":"https:\/\/www.ingridslaa.nl\/de\/gruppenausstellung-out-standing\/#primaryimage"},"thumbnailUrl":"https:\/\/www.ingridslaa.nl\/wp-content\/uploads\/2023\/06\/lokale-en-regionale-kunstenaars-in-Galerie-Ingrid-Slaa.jpeg","datePublished":"2023-06-01T12:37:14+00:00","dateModified":"2024-04-09T14:16:19+00:00","author":{"@id":"https:\/\/www.ingridslaa.nl\/de\/#\/schema\/person\/3659b67200290459d0171e1aa3f5fb63"},"breadcrumb":{"@id":"https:\/\/www.ingridslaa.nl\/de\/gruppenausstellung-out-standing\/#breadcrumb"},"inLanguage":"de","potentialAction":[{"@type":"ReadAction","target":["https:\/\/www.ingridslaa.nl\/de\/gruppenausstellung-out-standing\/"]}]},{"@type":"ImageObject","inLanguage":"de","@id":"https:\/\/www.ingridslaa.nl\/de\/gruppenausstellung-out-standing\/#primaryimage","url":"https:\/\/www.ingridslaa.nl\/wp-content\/uploads\/2023\/06\/lokale-en-regionale-kunstenaars-in-Galerie-Ingrid-Slaa.jpeg","contentUrl":"https:\/\/www.ingridslaa.nl\/wp-content\/uploads\/2023\/06\/lokale-en-regionale-kunstenaars-in-Galerie-Ingrid-Slaa.jpeg","width":1025,"height":769},{"@type":"BreadcrumbList","@id":"https:\/\/www.ingridslaa.nl\/de\/gruppenausstellung-out-standing\/#breadcrumb","itemListElement":[{"@type":"ListItem","position":1,"name":"Home","item":"https:\/\/www.ingridslaa.nl\/de\/startseite\/"},{"@type":"ListItem","position":2,"name":"10. Juni 2023: Gruppenausstellung Herausragend"}]},{"@type":"WebSite","@id":"https:\/\/www.ingridslaa.nl\/de\/#website","url":"https:\/\/www.ingridslaa.nl\/de\/","name":"Ingrid Slaa","description":"","potentialAction":[{"@type":"SearchAction","target":{"@type":"EntryPoint","urlTemplate":"https:\/\/www.ingridslaa.nl\/de\/?s={search_term_string}"},"query-input":{"@type":"PropertyValueSpecification","valueRequired":true,"valueName":"search_term_string"}}],"inLanguage":"de"},{"@type":"Person","@id":"https:\/\/www.ingridslaa.nl\/de\/#\/schema\/person\/3659b67200290459d0171e1aa3f5fb63","name":"I Slaa","image":{"@type":"ImageObject","inLanguage":"de","@id":"https:\/\/secure.gravatar.com\/avatar\/0aba7f5926f83ff32d8a0d9922ad8e1c5d10d06c3fccea95ab0fc464d6ee14dc?s=96&d=mm&r=g","url":"https:\/\/secure.gravatar.com\/avatar\/0aba7f5926f83ff32d8a0d9922ad8e1c5d10d06c3fccea95ab0fc464d6ee14dc?s=96&d=mm&r=g","contentUrl":"https:\/\/secure.gravatar.com\/avatar\/0aba7f5926f83ff32d8a0d9922ad8e1c5d10d06c3fccea95ab0fc464d6ee14dc?s=96&d=mm&r=g","caption":"I Slaa"},"url":"https:\/\/www.ingridslaa.nl\/de\/author\/slaaingmar_36\/"}]}},"_links":{"self":[{"href":"https:\/\/www.ingridslaa.nl\/de\/wp-json\/wp\/v2\/posts\/11926","targetHints":{"allow":["GET"]}}],"collection":[{"href":"https:\/\/www.ingridslaa.nl\/de\/wp-json\/wp\/v2\/posts"}],"about":[{"href":"https:\/\/www.ingridslaa.nl\/de\/wp-json\/wp\/v2\/types\/post"}],"author":[{"embeddable":true,"href":"https:\/\/www.ingridslaa.nl\/de\/wp-json\/wp\/v2\/users\/3"}],"replies":[{"embeddable":true,"href":"https:\/\/www.ingridslaa.nl\/de\/wp-json\/wp\/v2\/comments?post=11926"}],"version-history":[{"count":17,"href":"https:\/\/www.ingridslaa.nl\/de\/wp-json\/wp\/v2\/posts\/11926\/revisions"}],"predecessor-version":[{"id":14411,"href":"https:\/\/www.ingridslaa.nl\/de\/wp-json\/wp\/v2\/posts\/11926\/revisions\/14411"}],"wp:featuredmedia":[{"embeddable":true,"href":"https:\/\/www.ingridslaa.nl\/de\/wp-json\/wp\/v2\/media\/11920"}],"wp:attachment":[{"href":"https:\/\/www.ingridslaa.nl\/de\/wp-json\/wp\/v2\/media?parent=11926"}],"wp:term":[{"taxonomy":"category","embeddable":true,"href":"https:\/\/www.ingridslaa.nl\/de\/wp-json\/wp\/v2\/categories?post=11926"},{"taxonomy":"post_tag","embeddable":true,"href":"https:\/\/www.ingridslaa.nl\/de\/wp-json\/wp\/v2\/tags?post=11926"}],"curies":[{"name":"wp","href":"https:\/\/api.w.org\/{rel}","templated":true}]}}