{"id":12111,"date":"2023-10-25T21:13:02","date_gmt":"2023-10-25T19:13:02","guid":{"rendered":"https:\/\/www.ingridslaa.nl\/wim-bakker\/"},"modified":"2024-04-09T16:21:13","modified_gmt":"2024-04-09T14:21:13","slug":"wim-bakker","status":"publish","type":"post","link":"https:\/\/www.ingridslaa.nl\/de\/wim-bakker\/","title":{"rendered":"11. und 12. November 2023: Wim Bakker"},"content":{"rendered":"<div  class='flex_column av-vf9zvn-0c9ad1dc50b8909db6415253c23542da av_one_full  avia-builder-el-0  el_before_av_heading  avia-builder-el-first  first flex_column_div  '     ><\/div>\n\n<style type=\"text\/css\" data-created_by=\"avia_inline_auto\" id=\"style-css-av-llwr4n8q-8498a36241c0d09ed94a88a634a8b819\">\n#top .av-special-heading.av-llwr4n8q-8498a36241c0d09ed94a88a634a8b819{\npadding-bottom:10px;\n}\nbody .av-special-heading.av-llwr4n8q-8498a36241c0d09ed94a88a634a8b819 .av-special-heading-tag .heading-char{\nfont-size:25px;\n}\n.av-special-heading.av-llwr4n8q-8498a36241c0d09ed94a88a634a8b819 .av-subheading{\nfont-size:15px;\n}\n<\/style>\n<div  class='av-special-heading av-llwr4n8q-8498a36241c0d09ed94a88a634a8b819 av-special-heading-h3  avia-builder-el-1  el_after_av_one_full  el_before_av_textblock '><h3 class='av-special-heading-tag '  itemprop=\"headline\"  >Wim Bakker<\/h3><div class=\"special-heading-border\"><div class=\"special-heading-inner-border\"><\/div><\/div><\/div>\n<section  class='av_textblock_section av-llwr71pf-2328aef6c40724cd8b87f5ab09426b22 '   itemscope=\"itemscope\" itemtype=\"https:\/\/schema.org\/BlogPosting\" itemprop=\"blogPost\" ><div class='avia_textblock'  itemprop=\"text\" ><p style=\"text-align: left;\"><strong>Am 11. und 12. November 2023 stellte Wim Bakker in der Galerie aus.<\/strong><\/p>\n<p>Wim Bakker schafft abstrakte Gem\u00e4lde, in denen Farbfl\u00e4chen, Linien und Rhythmen eine gro\u00dfe Rolle spielen.<\/p>\n<p>Wim wurde in Amsterdam geboren, lebt und arbeitet aber schon seit \u00fcber 30 Jahren in Nunspeet. Nachdem er jahrelang als Lehrer f\u00fcr Bildende Kunst gearbeitet hat, hat er jetzt sein eigenes Atelier als unabh\u00e4ngiger Maler. In diesem Atelier unterrichtet er auch Kurse f\u00fcr moderne und zeitgen\u00f6ssische Kunst.<\/p>\n<p>Bakker studierte Kunstgeschichte und entwickelte im Laufe seines Lebens eine wachsende Leidenschaft f\u00fcr moderne und zeitgen\u00f6ssische Malerei.<\/p>\n<p>Nach verschiedenen Perioden schafft er heute geometrisch-abstrakte Werke. Ordnung, Rhythmus, Farbe, Linie und Fl\u00e4che sind die Zutaten seiner Arbeit. W\u00e4hrend des Malprozesses sucht er nach Ruhe und Ausgeglichenheit. Aber er f\u00fcgt gerne eine Eigenart, eine Dissonanz, eine Verschiebung oder eine St\u00f6rung hinzu. So rufen seine fast ausschlie\u00dflich geometrisch abstrakten Werke dennoch auch Emotionen hervor. F\u00fcr Wim hat seine Arbeit dadurch einen Bezug zur Realit\u00e4t.<\/p>\n<p>Die Werke sind nicht betitelt, um keine Assoziationen zu wecken. Es steht dem Betrachter v\u00f6llig frei, seine eigenen \u00dcberlegungen dazu anzustellen.<\/p>\n<\/div><\/section>\n\n<style type=\"text\/css\" data-created_by=\"avia_inline_auto\" id=\"style-css-av-llwr894a-daf2e272c64fdedfd3ecd0e6f34bff4b\">\n#top .avia-gallery.av-llwr894a-daf2e272c64fdedfd3ecd0e6f34bff4b .avia-gallery-thumb a{\nwidth:16.6667%;\n}\n<\/style>\n<div  class='avia-gallery av-llwr894a-daf2e272c64fdedfd3ecd0e6f34bff4b avia_animate_when_visible  avia-builder-el-3  el_after_av_textblock  avia-builder-el-last  avia_lazyload avia-gallery-animate avia-gallery-1'  itemprop=\"image\" itemscope=\"itemscope\" itemtype=\"https:\/\/schema.org\/ImageObject\" ><meta itemprop=\"contentURL\" content=\"https:\/\/www.ingridslaa.nl\/de\/wim-bakker\/\"><div class='avia-gallery-thumb'><a href=\"https:\/\/www.ingridslaa.nl\/wp-content\/uploads\/2023\/08\/Wim-Bakker-1.jpg\" data-srcset=\"https:\/\/www.ingridslaa.nl\/wp-content\/uploads\/2023\/08\/Wim-Bakker-1.jpg 725w, https:\/\/www.ingridslaa.nl\/wp-content\/uploads\/2023\/08\/Wim-Bakker-1-238x300.jpg 238w, https:\/\/www.ingridslaa.nl\/wp-content\/uploads\/2023\/08\/Wim-Bakker-1-560x705.jpg 560w\" data-sizes=\"(max-width: 725px) 100vw, 725px\" data-rel='gallery-1' data-prev-img='https:\/\/www.ingridslaa.nl\/wp-content\/uploads\/2023\/08\/Wim-Bakker-1-495x400.jpg' class='first_thumb lightbox ' data-onclick='1' title='Wim Bakker 1'  itemprop=\"thumbnailUrl\"  ><img decoding=\"async\" fetchpriority=\"high\" class=\"wp-image-12102 avia-img-lazy-loading-not-12102\"   src=\"https:\/\/www.ingridslaa.nl\/wp-content\/uploads\/2023\/08\/Wim-Bakker-1.jpg\" width=\"725\" height=\"913\"  title='Wim Bakker 1' alt='' srcset=\"https:\/\/www.ingridslaa.nl\/wp-content\/uploads\/2023\/08\/Wim-Bakker-1.jpg 725w, https:\/\/www.ingridslaa.nl\/wp-content\/uploads\/2023\/08\/Wim-Bakker-1-238x300.jpg 238w, https:\/\/www.ingridslaa.nl\/wp-content\/uploads\/2023\/08\/Wim-Bakker-1-560x705.jpg 560w\" sizes=\"(max-width: 725px) 100vw, 725px\" \/><div class='big-prev-fake'><img decoding=\"async\" loading=\"lazy\" class=\"wp-image-12102 avia-img-lazy-loading-12102\"  width=\"495\" height=\"400\" src=\"https:\/\/www.ingridslaa.nl\/wp-content\/uploads\/2023\/08\/Wim-Bakker-1-495x400.jpg\" title='Wim Bakker 1' alt='' \/><\/div><\/a><a href=\"https:\/\/www.ingridslaa.nl\/wp-content\/uploads\/2023\/08\/Wim-Bakker-2-681x1030.jpg\" data-srcset=\"https:\/\/www.ingridslaa.nl\/wp-content\/uploads\/2023\/08\/Wim-Bakker-2-681x1030.jpg 681w, https:\/\/www.ingridslaa.nl\/wp-content\/uploads\/2023\/08\/Wim-Bakker-2-198x300.jpg 198w, https:\/\/www.ingridslaa.nl\/wp-content\/uploads\/2023\/08\/Wim-Bakker-2-466x705.jpg 466w, https:\/\/www.ingridslaa.nl\/wp-content\/uploads\/2023\/08\/Wim-Bakker-2.jpg 725w\" data-sizes=\"(max-width: 681px) 100vw, 681px\" data-rel='gallery-1' data-prev-img='https:\/\/www.ingridslaa.nl\/wp-content\/uploads\/2023\/08\/Wim-Bakker-2-495x400.jpg' class='lightbox ' data-onclick='2' title='Wim Bakker 2'  itemprop=\"thumbnailUrl\"  ><img decoding=\"async\" fetchpriority=\"high\" class=\"wp-image-12105 avia-img-lazy-loading-not-12105\"   src=\"https:\/\/www.ingridslaa.nl\/wp-content\/uploads\/2023\/08\/Wim-Bakker-2.jpg\" width=\"725\" height=\"1097\"  title='Wim Bakker 2' alt='' srcset=\"https:\/\/www.ingridslaa.nl\/wp-content\/uploads\/2023\/08\/Wim-Bakker-2.jpg 725w, https:\/\/www.ingridslaa.nl\/wp-content\/uploads\/2023\/08\/Wim-Bakker-2-198x300.jpg 198w, https:\/\/www.ingridslaa.nl\/wp-content\/uploads\/2023\/08\/Wim-Bakker-2-681x1030.jpg 681w, https:\/\/www.ingridslaa.nl\/wp-content\/uploads\/2023\/08\/Wim-Bakker-2-466x705.jpg 466w\" sizes=\"(max-width: 725px) 100vw, 725px\" \/><div class='big-prev-fake'><img decoding=\"async\" loading=\"lazy\" class=\"wp-image-12105 avia-img-lazy-loading-12105\"  width=\"495\" height=\"400\" src=\"https:\/\/www.ingridslaa.nl\/wp-content\/uploads\/2023\/08\/Wim-Bakker-2-495x400.jpg\" title='Wim Bakker 2' alt='' \/><\/div><\/a><a href=\"https:\/\/www.ingridslaa.nl\/wp-content\/uploads\/2023\/08\/Wim-Bakker-3.jpg\" data-srcset=\"https:\/\/www.ingridslaa.nl\/wp-content\/uploads\/2023\/08\/Wim-Bakker-3.jpg 725w, https:\/\/www.ingridslaa.nl\/wp-content\/uploads\/2023\/08\/Wim-Bakker-3-221x300.jpg 221w, https:\/\/www.ingridslaa.nl\/wp-content\/uploads\/2023\/08\/Wim-Bakker-3-520x705.jpg 520w\" data-sizes=\"(max-width: 725px) 100vw, 725px\" data-rel='gallery-1' data-prev-img='https:\/\/www.ingridslaa.nl\/wp-content\/uploads\/2023\/08\/Wim-Bakker-3-495x400.jpg' class='lightbox ' data-onclick='3' title='Wim Bakker 3'  itemprop=\"thumbnailUrl\"  ><img decoding=\"async\" fetchpriority=\"high\" class=\"wp-image-12108 avia-img-lazy-loading-not-12108\"   src=\"https:\/\/www.ingridslaa.nl\/wp-content\/uploads\/2023\/08\/Wim-Bakker-3.jpg\" width=\"725\" height=\"982\"  title='Wim Bakker 3' alt='' srcset=\"https:\/\/www.ingridslaa.nl\/wp-content\/uploads\/2023\/08\/Wim-Bakker-3.jpg 725w, https:\/\/www.ingridslaa.nl\/wp-content\/uploads\/2023\/08\/Wim-Bakker-3-221x300.jpg 221w, https:\/\/www.ingridslaa.nl\/wp-content\/uploads\/2023\/08\/Wim-Bakker-3-520x705.jpg 520w\" sizes=\"(max-width: 725px) 100vw, 725px\" \/><div class='big-prev-fake'><img decoding=\"async\" loading=\"lazy\" class=\"wp-image-12108 avia-img-lazy-loading-12108\"  width=\"495\" height=\"400\" src=\"https:\/\/www.ingridslaa.nl\/wp-content\/uploads\/2023\/08\/Wim-Bakker-3-495x400.jpg\" title='Wim Bakker 3' alt='' \/><\/div><\/a><a href=\"https:\/\/www.ingridslaa.nl\/wp-content\/uploads\/2023\/08\/Wim-Bakker-4.jpg\" data-srcset=\"https:\/\/www.ingridslaa.nl\/wp-content\/uploads\/2023\/08\/Wim-Bakker-4.jpg 725w, https:\/\/www.ingridslaa.nl\/wp-content\/uploads\/2023\/08\/Wim-Bakker-4-216x300.jpg 216w, https:\/\/www.ingridslaa.nl\/wp-content\/uploads\/2023\/08\/Wim-Bakker-4-508x705.jpg 508w\" data-sizes=\"(max-width: 725px) 100vw, 725px\" data-rel='gallery-1' data-prev-img='https:\/\/www.ingridslaa.nl\/wp-content\/uploads\/2023\/08\/Wim-Bakker-4-495x400.jpg' class='lightbox ' data-onclick='4' title='Wim Bakker 4'  itemprop=\"thumbnailUrl\"  ><img decoding=\"async\" fetchpriority=\"high\" class=\"wp-image-12169 avia-img-lazy-loading-not-12169\"   src=\"https:\/\/www.ingridslaa.nl\/wp-content\/uploads\/2023\/08\/Wim-Bakker-4.jpg\" width=\"725\" height=\"1007\"  title='Wim Bakker 4' alt='' srcset=\"https:\/\/www.ingridslaa.nl\/wp-content\/uploads\/2023\/08\/Wim-Bakker-4.jpg 725w, https:\/\/www.ingridslaa.nl\/wp-content\/uploads\/2023\/08\/Wim-Bakker-4-216x300.jpg 216w, https:\/\/www.ingridslaa.nl\/wp-content\/uploads\/2023\/08\/Wim-Bakker-4-508x705.jpg 508w\" sizes=\"(max-width: 725px) 100vw, 725px\" \/><div class='big-prev-fake'><img decoding=\"async\" loading=\"lazy\" class=\"wp-image-12169 avia-img-lazy-loading-12169\"  width=\"495\" height=\"400\" src=\"https:\/\/www.ingridslaa.nl\/wp-content\/uploads\/2023\/08\/Wim-Bakker-4-495x400.jpg\" title='Wim Bakker 4' alt='' \/><\/div><\/a><a href=\"https:\/\/www.ingridslaa.nl\/wp-content\/uploads\/2023\/08\/Wim-Bakker-5.jpg\" data-srcset=\"https:\/\/www.ingridslaa.nl\/wp-content\/uploads\/2023\/08\/Wim-Bakker-5.jpg 725w, https:\/\/www.ingridslaa.nl\/wp-content\/uploads\/2023\/08\/Wim-Bakker-5-226x300.jpg 226w, https:\/\/www.ingridslaa.nl\/wp-content\/uploads\/2023\/08\/Wim-Bakker-5-532x705.jpg 532w\" data-sizes=\"(max-width: 725px) 100vw, 725px\" data-rel='gallery-1' data-prev-img='https:\/\/www.ingridslaa.nl\/wp-content\/uploads\/2023\/08\/Wim-Bakker-5-495x400.jpg' class='lightbox ' data-onclick='5' title='Wim Bakker 5'  itemprop=\"thumbnailUrl\"  ><img decoding=\"async\" fetchpriority=\"high\" class=\"wp-image-12172 avia-img-lazy-loading-not-12172\"   src=\"https:\/\/www.ingridslaa.nl\/wp-content\/uploads\/2023\/08\/Wim-Bakker-5.jpg\" width=\"725\" height=\"961\"  title='Wim Bakker 5' alt='' srcset=\"https:\/\/www.ingridslaa.nl\/wp-content\/uploads\/2023\/08\/Wim-Bakker-5.jpg 725w, https:\/\/www.ingridslaa.nl\/wp-content\/uploads\/2023\/08\/Wim-Bakker-5-226x300.jpg 226w, https:\/\/www.ingridslaa.nl\/wp-content\/uploads\/2023\/08\/Wim-Bakker-5-532x705.jpg 532w\" sizes=\"(max-width: 725px) 100vw, 725px\" \/><div class='big-prev-fake'><img decoding=\"async\" loading=\"lazy\" class=\"wp-image-12172 avia-img-lazy-loading-12172\"  width=\"495\" height=\"400\" src=\"https:\/\/www.ingridslaa.nl\/wp-content\/uploads\/2023\/08\/Wim-Bakker-5-495x400.jpg\" title='Wim Bakker 5' alt='' \/><\/div><\/a><\/div><\/div>\n","protected":false},"excerpt":{"rendered":"<p>Am 11. und 12. November 2023 stellte Wim Bakker in der Galerie aus.<\/p>\n","protected":false},"author":3,"featured_media":12102,"comment_status":"closed","ping_status":"closed","sticky":false,"template":"","format":"standard","meta":{"inline_featured_image":false,"footnotes":""},"categories":[94],"tags":[],"class_list":["post-12111","post","type-post","status-publish","format-standard","has-post-thumbnail","hentry","category-archiv-der-gastkunstler"],"yoast_head":"<!-- This site is optimized with the Yoast SEO plugin v27.5 - https:\/\/yoast.com\/product\/yoast-seo-wordpress\/ -->\n<title>11. und 12. November 2023: Wim Bakker - Ingrid Slaa<\/title>\n<meta name=\"robots\" content=\"index, follow, max-snippet:-1, max-image-preview:large, max-video-preview:-1\" \/>\n<link rel=\"canonical\" href=\"https:\/\/www.ingridslaa.nl\/de\/wim-bakker\/\" \/>\n<meta property=\"og:locale\" content=\"de_DE\" \/>\n<meta property=\"og:type\" content=\"article\" \/>\n<meta property=\"og:title\" content=\"11. und 12. November 2023: Wim Bakker - Ingrid Slaa\" \/>\n<meta property=\"og:description\" content=\"Am 11. und 12. November 2023 stellte Wim Bakker in der Galerie aus.\" \/>\n<meta property=\"og:url\" content=\"https:\/\/www.ingridslaa.nl\/de\/wim-bakker\/\" \/>\n<meta property=\"og:site_name\" content=\"Ingrid Slaa\" \/>\n<meta property=\"article:published_time\" content=\"2023-10-25T19:13:02+00:00\" \/>\n<meta property=\"article:modified_time\" content=\"2024-04-09T14:21:13+00:00\" \/>\n<meta property=\"og:image\" content=\"https:\/\/www.ingridslaa.nl\/wp-content\/uploads\/2023\/08\/Wim-Bakker-1.jpg\" \/>\n\t<meta property=\"og:image:width\" content=\"725\" \/>\n\t<meta property=\"og:image:height\" content=\"913\" \/>\n\t<meta property=\"og:image:type\" content=\"image\/jpeg\" \/>\n<meta name=\"author\" content=\"I Slaa\" \/>\n<meta name=\"twitter:card\" content=\"summary_large_image\" \/>\n<meta name=\"twitter:label1\" content=\"Verfasst von\" \/>\n\t<meta name=\"twitter:data1\" content=\"\" \/>\n\t<meta name=\"twitter:label2\" content=\"Gesch\u00e4tzte Lesezeit\" \/>\n\t<meta name=\"twitter:data2\" content=\"4\u00a0Minuten\" \/>\n<script type=\"application\/ld+json\" class=\"yoast-schema-graph\">{\"@context\":\"https:\\\/\\\/schema.org\",\"@graph\":[{\"@type\":\"Article\",\"@id\":\"https:\\\/\\\/www.ingridslaa.nl\\\/de\\\/wim-bakker\\\/#article\",\"isPartOf\":{\"@id\":\"https:\\\/\\\/www.ingridslaa.nl\\\/de\\\/wim-bakker\\\/\"},\"author\":{\"name\":\"I Slaa\",\"@id\":\"https:\\\/\\\/www.ingridslaa.nl\\\/de\\\/#\\\/schema\\\/person\\\/3659b67200290459d0171e1aa3f5fb63\"},\"headline\":\"11. und 12. November 2023: Wim Bakker\",\"datePublished\":\"2023-10-25T19:13:02+00:00\",\"dateModified\":\"2024-04-09T14:21:13+00:00\",\"mainEntityOfPage\":{\"@id\":\"https:\\\/\\\/www.ingridslaa.nl\\\/de\\\/wim-bakker\\\/\"},\"wordCount\":660,\"image\":{\"@id\":\"https:\\\/\\\/www.ingridslaa.nl\\\/de\\\/wim-bakker\\\/#primaryimage\"},\"thumbnailUrl\":\"https:\\\/\\\/www.ingridslaa.nl\\\/wp-content\\\/uploads\\\/2023\\\/08\\\/Wim-Bakker-1.jpg\",\"articleSection\":[\"Archiv der Gastk\u00fcnstler\"],\"inLanguage\":\"de\"},{\"@type\":\"WebPage\",\"@id\":\"https:\\\/\\\/www.ingridslaa.nl\\\/de\\\/wim-bakker\\\/\",\"url\":\"https:\\\/\\\/www.ingridslaa.nl\\\/de\\\/wim-bakker\\\/\",\"name\":\"11. und 12. November 2023: Wim Bakker - Ingrid Slaa\",\"isPartOf\":{\"@id\":\"https:\\\/\\\/www.ingridslaa.nl\\\/de\\\/#website\"},\"primaryImageOfPage\":{\"@id\":\"https:\\\/\\\/www.ingridslaa.nl\\\/de\\\/wim-bakker\\\/#primaryimage\"},\"image\":{\"@id\":\"https:\\\/\\\/www.ingridslaa.nl\\\/de\\\/wim-bakker\\\/#primaryimage\"},\"thumbnailUrl\":\"https:\\\/\\\/www.ingridslaa.nl\\\/wp-content\\\/uploads\\\/2023\\\/08\\\/Wim-Bakker-1.jpg\",\"datePublished\":\"2023-10-25T19:13:02+00:00\",\"dateModified\":\"2024-04-09T14:21:13+00:00\",\"author\":{\"@id\":\"https:\\\/\\\/www.ingridslaa.nl\\\/de\\\/#\\\/schema\\\/person\\\/3659b67200290459d0171e1aa3f5fb63\"},\"breadcrumb\":{\"@id\":\"https:\\\/\\\/www.ingridslaa.nl\\\/de\\\/wim-bakker\\\/#breadcrumb\"},\"inLanguage\":\"de\",\"potentialAction\":[{\"@type\":\"ReadAction\",\"target\":[\"https:\\\/\\\/www.ingridslaa.nl\\\/de\\\/wim-bakker\\\/\"]}]},{\"@type\":\"ImageObject\",\"inLanguage\":\"de\",\"@id\":\"https:\\\/\\\/www.ingridslaa.nl\\\/de\\\/wim-bakker\\\/#primaryimage\",\"url\":\"https:\\\/\\\/www.ingridslaa.nl\\\/wp-content\\\/uploads\\\/2023\\\/08\\\/Wim-Bakker-1.jpg\",\"contentUrl\":\"https:\\\/\\\/www.ingridslaa.nl\\\/wp-content\\\/uploads\\\/2023\\\/08\\\/Wim-Bakker-1.jpg\",\"width\":725,\"height\":913},{\"@type\":\"BreadcrumbList\",\"@id\":\"https:\\\/\\\/www.ingridslaa.nl\\\/de\\\/wim-bakker\\\/#breadcrumb\",\"itemListElement\":[{\"@type\":\"ListItem\",\"position\":1,\"name\":\"Home\",\"item\":\"https:\\\/\\\/www.ingridslaa.nl\\\/de\\\/startseite\\\/\"},{\"@type\":\"ListItem\",\"position\":2,\"name\":\"11. und 12. November 2023: Wim Bakker\"}]},{\"@type\":\"WebSite\",\"@id\":\"https:\\\/\\\/www.ingridslaa.nl\\\/de\\\/#website\",\"url\":\"https:\\\/\\\/www.ingridslaa.nl\\\/de\\\/\",\"name\":\"Ingrid Slaa\",\"description\":\"\",\"potentialAction\":[{\"@type\":\"SearchAction\",\"target\":{\"@type\":\"EntryPoint\",\"urlTemplate\":\"https:\\\/\\\/www.ingridslaa.nl\\\/de\\\/?s={search_term_string}\"},\"query-input\":{\"@type\":\"PropertyValueSpecification\",\"valueRequired\":true,\"valueName\":\"search_term_string\"}}],\"inLanguage\":\"de\"},{\"@type\":\"Person\",\"@id\":\"https:\\\/\\\/www.ingridslaa.nl\\\/de\\\/#\\\/schema\\\/person\\\/3659b67200290459d0171e1aa3f5fb63\",\"name\":\"I Slaa\",\"image\":{\"@type\":\"ImageObject\",\"inLanguage\":\"de\",\"@id\":\"https:\\\/\\\/secure.gravatar.com\\\/avatar\\\/0aba7f5926f83ff32d8a0d9922ad8e1c5d10d06c3fccea95ab0fc464d6ee14dc?s=96&d=mm&r=g\",\"url\":\"https:\\\/\\\/secure.gravatar.com\\\/avatar\\\/0aba7f5926f83ff32d8a0d9922ad8e1c5d10d06c3fccea95ab0fc464d6ee14dc?s=96&d=mm&r=g\",\"contentUrl\":\"https:\\\/\\\/secure.gravatar.com\\\/avatar\\\/0aba7f5926f83ff32d8a0d9922ad8e1c5d10d06c3fccea95ab0fc464d6ee14dc?s=96&d=mm&r=g\",\"caption\":\"I Slaa\"},\"url\":\"https:\\\/\\\/www.ingridslaa.nl\\\/de\\\/author\\\/slaaingmar_36\\\/\"}]}<\/script>\n<!-- \/ Yoast SEO plugin. -->","yoast_head_json":{"title":"11. und 12. November 2023: Wim Bakker - Ingrid Slaa","robots":{"index":"index","follow":"follow","max-snippet":"max-snippet:-1","max-image-preview":"max-image-preview:large","max-video-preview":"max-video-preview:-1"},"canonical":"https:\/\/www.ingridslaa.nl\/de\/wim-bakker\/","og_locale":"de_DE","og_type":"article","og_title":"11. und 12. November 2023: Wim Bakker - Ingrid Slaa","og_description":"Am 11. und 12. November 2023 stellte Wim Bakker in der Galerie aus.","og_url":"https:\/\/www.ingridslaa.nl\/de\/wim-bakker\/","og_site_name":"Ingrid Slaa","article_published_time":"2023-10-25T19:13:02+00:00","article_modified_time":"2024-04-09T14:21:13+00:00","og_image":[{"width":725,"height":913,"url":"https:\/\/www.ingridslaa.nl\/wp-content\/uploads\/2023\/08\/Wim-Bakker-1.jpg","type":"image\/jpeg"}],"author":"I Slaa","twitter_card":"summary_large_image","twitter_misc":{"Verfasst von":false,"Gesch\u00e4tzte Lesezeit":"4\u00a0Minuten"},"schema":{"@context":"https:\/\/schema.org","@graph":[{"@type":"Article","@id":"https:\/\/www.ingridslaa.nl\/de\/wim-bakker\/#article","isPartOf":{"@id":"https:\/\/www.ingridslaa.nl\/de\/wim-bakker\/"},"author":{"name":"I Slaa","@id":"https:\/\/www.ingridslaa.nl\/de\/#\/schema\/person\/3659b67200290459d0171e1aa3f5fb63"},"headline":"11. und 12. November 2023: Wim Bakker","datePublished":"2023-10-25T19:13:02+00:00","dateModified":"2024-04-09T14:21:13+00:00","mainEntityOfPage":{"@id":"https:\/\/www.ingridslaa.nl\/de\/wim-bakker\/"},"wordCount":660,"image":{"@id":"https:\/\/www.ingridslaa.nl\/de\/wim-bakker\/#primaryimage"},"thumbnailUrl":"https:\/\/www.ingridslaa.nl\/wp-content\/uploads\/2023\/08\/Wim-Bakker-1.jpg","articleSection":["Archiv der Gastk\u00fcnstler"],"inLanguage":"de"},{"@type":"WebPage","@id":"https:\/\/www.ingridslaa.nl\/de\/wim-bakker\/","url":"https:\/\/www.ingridslaa.nl\/de\/wim-bakker\/","name":"11. und 12. November 2023: Wim Bakker - Ingrid Slaa","isPartOf":{"@id":"https:\/\/www.ingridslaa.nl\/de\/#website"},"primaryImageOfPage":{"@id":"https:\/\/www.ingridslaa.nl\/de\/wim-bakker\/#primaryimage"},"image":{"@id":"https:\/\/www.ingridslaa.nl\/de\/wim-bakker\/#primaryimage"},"thumbnailUrl":"https:\/\/www.ingridslaa.nl\/wp-content\/uploads\/2023\/08\/Wim-Bakker-1.jpg","datePublished":"2023-10-25T19:13:02+00:00","dateModified":"2024-04-09T14:21:13+00:00","author":{"@id":"https:\/\/www.ingridslaa.nl\/de\/#\/schema\/person\/3659b67200290459d0171e1aa3f5fb63"},"breadcrumb":{"@id":"https:\/\/www.ingridslaa.nl\/de\/wim-bakker\/#breadcrumb"},"inLanguage":"de","potentialAction":[{"@type":"ReadAction","target":["https:\/\/www.ingridslaa.nl\/de\/wim-bakker\/"]}]},{"@type":"ImageObject","inLanguage":"de","@id":"https:\/\/www.ingridslaa.nl\/de\/wim-bakker\/#primaryimage","url":"https:\/\/www.ingridslaa.nl\/wp-content\/uploads\/2023\/08\/Wim-Bakker-1.jpg","contentUrl":"https:\/\/www.ingridslaa.nl\/wp-content\/uploads\/2023\/08\/Wim-Bakker-1.jpg","width":725,"height":913},{"@type":"BreadcrumbList","@id":"https:\/\/www.ingridslaa.nl\/de\/wim-bakker\/#breadcrumb","itemListElement":[{"@type":"ListItem","position":1,"name":"Home","item":"https:\/\/www.ingridslaa.nl\/de\/startseite\/"},{"@type":"ListItem","position":2,"name":"11. und 12. November 2023: Wim Bakker"}]},{"@type":"WebSite","@id":"https:\/\/www.ingridslaa.nl\/de\/#website","url":"https:\/\/www.ingridslaa.nl\/de\/","name":"Ingrid Slaa","description":"","potentialAction":[{"@type":"SearchAction","target":{"@type":"EntryPoint","urlTemplate":"https:\/\/www.ingridslaa.nl\/de\/?s={search_term_string}"},"query-input":{"@type":"PropertyValueSpecification","valueRequired":true,"valueName":"search_term_string"}}],"inLanguage":"de"},{"@type":"Person","@id":"https:\/\/www.ingridslaa.nl\/de\/#\/schema\/person\/3659b67200290459d0171e1aa3f5fb63","name":"I Slaa","image":{"@type":"ImageObject","inLanguage":"de","@id":"https:\/\/secure.gravatar.com\/avatar\/0aba7f5926f83ff32d8a0d9922ad8e1c5d10d06c3fccea95ab0fc464d6ee14dc?s=96&d=mm&r=g","url":"https:\/\/secure.gravatar.com\/avatar\/0aba7f5926f83ff32d8a0d9922ad8e1c5d10d06c3fccea95ab0fc464d6ee14dc?s=96&d=mm&r=g","contentUrl":"https:\/\/secure.gravatar.com\/avatar\/0aba7f5926f83ff32d8a0d9922ad8e1c5d10d06c3fccea95ab0fc464d6ee14dc?s=96&d=mm&r=g","caption":"I Slaa"},"url":"https:\/\/www.ingridslaa.nl\/de\/author\/slaaingmar_36\/"}]}},"_links":{"self":[{"href":"https:\/\/www.ingridslaa.nl\/de\/wp-json\/wp\/v2\/posts\/12111","targetHints":{"allow":["GET"]}}],"collection":[{"href":"https:\/\/www.ingridslaa.nl\/de\/wp-json\/wp\/v2\/posts"}],"about":[{"href":"https:\/\/www.ingridslaa.nl\/de\/wp-json\/wp\/v2\/types\/post"}],"author":[{"embeddable":true,"href":"https:\/\/www.ingridslaa.nl\/de\/wp-json\/wp\/v2\/users\/3"}],"replies":[{"embeddable":true,"href":"https:\/\/www.ingridslaa.nl\/de\/wp-json\/wp\/v2\/comments?post=12111"}],"version-history":[{"count":24,"href":"https:\/\/www.ingridslaa.nl\/de\/wp-json\/wp\/v2\/posts\/12111\/revisions"}],"predecessor-version":[{"id":14441,"href":"https:\/\/www.ingridslaa.nl\/de\/wp-json\/wp\/v2\/posts\/12111\/revisions\/14441"}],"wp:featuredmedia":[{"embeddable":true,"href":"https:\/\/www.ingridslaa.nl\/de\/wp-json\/wp\/v2\/media\/12102"}],"wp:attachment":[{"href":"https:\/\/www.ingridslaa.nl\/de\/wp-json\/wp\/v2\/media?parent=12111"}],"wp:term":[{"taxonomy":"category","embeddable":true,"href":"https:\/\/www.ingridslaa.nl\/de\/wp-json\/wp\/v2\/categories?post=12111"},{"taxonomy":"post_tag","embeddable":true,"href":"https:\/\/www.ingridslaa.nl\/de\/wp-json\/wp\/v2\/tags?post=12111"}],"curies":[{"name":"wp","href":"https:\/\/api.w.org\/{rel}","templated":true}]}}