{"id":16061,"date":"2024-12-04T10:52:33","date_gmt":"2024-12-04T08:52:33","guid":{"rendered":"https:\/\/www.ingridslaa.nl\/kunsthijsa-im-kunstlagerhaus\/"},"modified":"2025-01-06T17:18:06","modified_gmt":"2025-01-06T15:18:06","slug":"kunsthijsa-im-kunstlagerhaus","status":"publish","type":"post","link":"https:\/\/www.ingridslaa.nl\/de\/kunsthijsa-im-kunstlagerhaus\/","title":{"rendered":"30. November bis 22. Dezember: KunsthIJsa in der Kunsthalle"},"content":{"rendered":"<div  class='flex_column av-9kywad-bc73079a7972075e5d5ceb603e33dccc av_one_full  avia-builder-el-0  el_before_av_one_third  avia-builder-el-first  first flex_column_div  '     ><\/div>\n<div  class='flex_column av-209dlud-1566152e4e575204b142cdbe4a6ee08e av_one_third  avia-builder-el-1  el_after_av_one_full  el_before_av_one_third  first flex_column_div  column-top-margin'     ><\/div>\n<div  class='flex_column av-1njy9rp-0f242f76a62cc97aea0a048346220cb0 av_one_third  avia-builder-el-2  el_after_av_one_third  el_before_av_one_third  flex_column_div  column-top-margin'     ><style type=\"text\/css\" data-created_by=\"avia_inline_auto\" id=\"style-css-av-m41p1sza-db0cdd0fc47c9af880099c13174eefa3\">\n#top .avia-gallery.av-m41p1sza-db0cdd0fc47c9af880099c13174eefa3 .avia-gallery-thumb a{\nwidth:100%;\n}\n<\/style>\n<div  class='avia-gallery av-m41p1sza-db0cdd0fc47c9af880099c13174eefa3 avia_animate_when_visible  avia-builder-el-3  avia-builder-el-no-sibling  avia_lazyload avia-gallery-animate avia-gallery-1'  itemprop=\"image\" itemscope=\"itemscope\" itemtype=\"https:\/\/schema.org\/ImageObject\" ><meta itemprop=\"contentURL\" content=\"https:\/\/www.ingridslaa.nl\/de\/kunsthijsa-im-kunstlagerhaus\/\"><div class='avia-gallery-thumb'><a href=\"https:\/\/www.ingridslaa.nl\/wp-content\/uploads\/2024\/11\/poster-KunsthIJsa-1.jpg\" data-srcset=\"https:\/\/www.ingridslaa.nl\/wp-content\/uploads\/2024\/11\/poster-KunsthIJsa-1.jpg 1025w, https:\/\/www.ingridslaa.nl\/wp-content\/uploads\/2024\/11\/poster-KunsthIJsa-1-300x212.jpg 300w, https:\/\/www.ingridslaa.nl\/wp-content\/uploads\/2024\/11\/poster-KunsthIJsa-1-768x543.jpg 768w, https:\/\/www.ingridslaa.nl\/wp-content\/uploads\/2024\/11\/poster-KunsthIJsa-1-260x185.jpg 260w, https:\/\/www.ingridslaa.nl\/wp-content\/uploads\/2024\/11\/poster-KunsthIJsa-1-705x499.jpg 705w\" data-sizes=\"(max-width: 1025px) 100vw, 1025px\" data-rel='gallery-1' data-prev-img='https:\/\/www.ingridslaa.nl\/wp-content\/uploads\/2024\/11\/poster-KunsthIJsa-1-495x400.jpg' class='first_thumb lightbox ' data-onclick='1' title='poster KunsthIJsa'  itemprop=\"thumbnailUrl\"  ><img decoding=\"async\" fetchpriority=\"high\" class=\"wp-image-16084 avia-img-lazy-loading-not-16084\"   src=\"https:\/\/www.ingridslaa.nl\/wp-content\/uploads\/2024\/11\/poster-KunsthIJsa-1.jpg\" width=\"1025\" height=\"725\"  title='poster KunsthIJsa' alt='' srcset=\"https:\/\/www.ingridslaa.nl\/wp-content\/uploads\/2024\/11\/poster-KunsthIJsa-1.jpg 1025w, https:\/\/www.ingridslaa.nl\/wp-content\/uploads\/2024\/11\/poster-KunsthIJsa-1-300x212.jpg 300w, https:\/\/www.ingridslaa.nl\/wp-content\/uploads\/2024\/11\/poster-KunsthIJsa-1-768x543.jpg 768w, https:\/\/www.ingridslaa.nl\/wp-content\/uploads\/2024\/11\/poster-KunsthIJsa-1-260x185.jpg 260w, https:\/\/www.ingridslaa.nl\/wp-content\/uploads\/2024\/11\/poster-KunsthIJsa-1-705x499.jpg 705w\" sizes=\"(max-width: 1025px) 100vw, 1025px\" \/><div class='big-prev-fake'><img decoding=\"async\" loading=\"lazy\" class=\"wp-image-16084 avia-img-lazy-loading-16084\"  width=\"495\" height=\"400\" src=\"https:\/\/www.ingridslaa.nl\/wp-content\/uploads\/2024\/11\/poster-KunsthIJsa-1-495x400.jpg\" title='poster KunsthIJsa' alt='' srcset=\"https:\/\/www.ingridslaa.nl\/wp-content\/uploads\/2024\/11\/poster-KunsthIJsa-1-495x400.jpg 495w, https:\/\/www.ingridslaa.nl\/wp-content\/uploads\/2024\/11\/poster-KunsthIJsa-1-845x684.jpg 845w\" sizes=\"auto, (max-width: 495px) 100vw, 495px\" \/><\/div><\/a><\/div><\/div><\/div><div  class='flex_column av-16eo1rp-0eef968a604b5f149098c8ae2848cfa4 av_one_third  avia-builder-el-4  el_after_av_one_third  el_before_av_one_full  flex_column_div  column-top-margin'     ><\/div><\/p>\n<div  class='flex_column av-rewgqd-7871256ef556fec3ab1f8b6e3884a478 av_one_full  avia-builder-el-5  el_after_av_one_third  el_before_av_textblock  first flex_column_div  column-top-margin'     ><\/div>\n<section  class='av_textblock_section av-m41p54yy-a8d7e30cd2dc2466aa6cbf2aac914730 '   itemscope=\"itemscope\" itemtype=\"https:\/\/schema.org\/BlogPosting\" itemprop=\"blogPost\" ><div class='avia_textblock'  itemprop=\"text\" ><p style=\"text-align: center;\">\nW\u00e4hrend der KunsthIJsa stellen 16 K\u00fcnstler erschwingliche Kunst aus. Eine gute Gelegenheit, ein sch\u00f6nes Geschenk f\u00fcr sich selbst oder jemand anderen zu kaufen.<\/p>\n<p style=\"text-align: center;\">\n<p>Kekhuis Beekstraat 5 Epe<\/p>\n<\/div><\/section>\n","protected":false},"excerpt":{"rendered":"<p>W\u00e4hrend KunsthIJsa stellen 16 K\u00fcnstler erschwingliche Kunst aus.<\/p>\n","protected":false},"author":3,"featured_media":16059,"comment_status":"closed","ping_status":"closed","sticky":false,"template":"","format":"standard","meta":{"inline_featured_image":false,"footnotes":""},"categories":[88],"tags":[],"class_list":["post-16061","post","type-post","status-publish","format-standard","has-post-thumbnail","hentry","category-archiv-der-ausstellungen"],"yoast_head":"<!-- This site is optimized with the Yoast SEO plugin v27.5 - https:\/\/yoast.com\/product\/yoast-seo-wordpress\/ -->\n<title>30. November bis 22. Dezember: KunsthIJsa in der Kunsthalle - Ingrid Slaa<\/title>\n<meta name=\"robots\" content=\"index, follow, max-snippet:-1, max-image-preview:large, max-video-preview:-1\" \/>\n<link rel=\"canonical\" href=\"https:\/\/www.ingridslaa.nl\/de\/kunsthijsa-im-kunstlagerhaus\/\" \/>\n<meta property=\"og:locale\" content=\"de_DE\" \/>\n<meta property=\"og:type\" content=\"article\" \/>\n<meta property=\"og:title\" content=\"30. November bis 22. Dezember: KunsthIJsa in der Kunsthalle - Ingrid Slaa\" \/>\n<meta property=\"og:description\" content=\"W\u00e4hrend KunsthIJsa stellen 16 K\u00fcnstler erschwingliche Kunst aus.\" \/>\n<meta property=\"og:url\" content=\"https:\/\/www.ingridslaa.nl\/de\/kunsthijsa-im-kunstlagerhaus\/\" \/>\n<meta property=\"og:site_name\" content=\"Ingrid Slaa\" \/>\n<meta property=\"article:published_time\" content=\"2024-12-04T08:52:33+00:00\" \/>\n<meta property=\"article:modified_time\" content=\"2025-01-06T15:18:06+00:00\" \/>\n<meta property=\"og:image\" content=\"https:\/\/www.ingridslaa.nl\/wp-content\/uploads\/2024\/11\/poster-KunsthIJsa-e1732822407288.jpg\" \/>\n\t<meta property=\"og:image:width\" content=\"1025\" \/>\n\t<meta property=\"og:image:height\" content=\"725\" \/>\n\t<meta property=\"og:image:type\" content=\"image\/jpeg\" \/>\n<meta name=\"author\" content=\"I Slaa\" \/>\n<meta name=\"twitter:card\" content=\"summary_large_image\" \/>\n<meta name=\"twitter:label1\" content=\"Verfasst von\" \/>\n\t<meta name=\"twitter:data1\" content=\"\" \/>\n\t<meta name=\"twitter:label2\" content=\"Gesch\u00e4tzte Lesezeit\" \/>\n\t<meta name=\"twitter:data2\" content=\"12\u00a0Minuten\" \/>\n<script type=\"application\/ld+json\" class=\"yoast-schema-graph\">{\"@context\":\"https:\\\/\\\/schema.org\",\"@graph\":[{\"@type\":\"Article\",\"@id\":\"https:\\\/\\\/www.ingridslaa.nl\\\/de\\\/kunsthijsa-im-kunstlagerhaus\\\/#article\",\"isPartOf\":{\"@id\":\"https:\\\/\\\/www.ingridslaa.nl\\\/de\\\/kunsthijsa-im-kunstlagerhaus\\\/\"},\"author\":{\"name\":\"I Slaa\",\"@id\":\"https:\\\/\\\/www.ingridslaa.nl\\\/de\\\/#\\\/schema\\\/person\\\/3659b67200290459d0171e1aa3f5fb63\"},\"headline\":\"30. November bis 22. Dezember: KunsthIJsa in der Kunsthalle\",\"datePublished\":\"2024-12-04T08:52:33+00:00\",\"dateModified\":\"2025-01-06T15:18:06+00:00\",\"mainEntityOfPage\":{\"@id\":\"https:\\\/\\\/www.ingridslaa.nl\\\/de\\\/kunsthijsa-im-kunstlagerhaus\\\/\"},\"wordCount\":1798,\"image\":{\"@id\":\"https:\\\/\\\/www.ingridslaa.nl\\\/de\\\/kunsthijsa-im-kunstlagerhaus\\\/#primaryimage\"},\"thumbnailUrl\":\"https:\\\/\\\/www.ingridslaa.nl\\\/wp-content\\\/uploads\\\/2024\\\/11\\\/poster-KunsthIJsa-e1732822407288.jpg\",\"articleSection\":[\"Archiv der Ausstellungen\"],\"inLanguage\":\"de\"},{\"@type\":\"WebPage\",\"@id\":\"https:\\\/\\\/www.ingridslaa.nl\\\/de\\\/kunsthijsa-im-kunstlagerhaus\\\/\",\"url\":\"https:\\\/\\\/www.ingridslaa.nl\\\/de\\\/kunsthijsa-im-kunstlagerhaus\\\/\",\"name\":\"30. November bis 22. Dezember: KunsthIJsa in der Kunsthalle - Ingrid Slaa\",\"isPartOf\":{\"@id\":\"https:\\\/\\\/www.ingridslaa.nl\\\/de\\\/#website\"},\"primaryImageOfPage\":{\"@id\":\"https:\\\/\\\/www.ingridslaa.nl\\\/de\\\/kunsthijsa-im-kunstlagerhaus\\\/#primaryimage\"},\"image\":{\"@id\":\"https:\\\/\\\/www.ingridslaa.nl\\\/de\\\/kunsthijsa-im-kunstlagerhaus\\\/#primaryimage\"},\"thumbnailUrl\":\"https:\\\/\\\/www.ingridslaa.nl\\\/wp-content\\\/uploads\\\/2024\\\/11\\\/poster-KunsthIJsa-e1732822407288.jpg\",\"datePublished\":\"2024-12-04T08:52:33+00:00\",\"dateModified\":\"2025-01-06T15:18:06+00:00\",\"author\":{\"@id\":\"https:\\\/\\\/www.ingridslaa.nl\\\/de\\\/#\\\/schema\\\/person\\\/3659b67200290459d0171e1aa3f5fb63\"},\"breadcrumb\":{\"@id\":\"https:\\\/\\\/www.ingridslaa.nl\\\/de\\\/kunsthijsa-im-kunstlagerhaus\\\/#breadcrumb\"},\"inLanguage\":\"de\",\"potentialAction\":[{\"@type\":\"ReadAction\",\"target\":[\"https:\\\/\\\/www.ingridslaa.nl\\\/de\\\/kunsthijsa-im-kunstlagerhaus\\\/\"]}]},{\"@type\":\"ImageObject\",\"inLanguage\":\"de\",\"@id\":\"https:\\\/\\\/www.ingridslaa.nl\\\/de\\\/kunsthijsa-im-kunstlagerhaus\\\/#primaryimage\",\"url\":\"https:\\\/\\\/www.ingridslaa.nl\\\/wp-content\\\/uploads\\\/2024\\\/11\\\/poster-KunsthIJsa-e1732822407288.jpg\",\"contentUrl\":\"https:\\\/\\\/www.ingridslaa.nl\\\/wp-content\\\/uploads\\\/2024\\\/11\\\/poster-KunsthIJsa-e1732822407288.jpg\",\"width\":1025,\"height\":725},{\"@type\":\"BreadcrumbList\",\"@id\":\"https:\\\/\\\/www.ingridslaa.nl\\\/de\\\/kunsthijsa-im-kunstlagerhaus\\\/#breadcrumb\",\"itemListElement\":[{\"@type\":\"ListItem\",\"position\":1,\"name\":\"Home\",\"item\":\"https:\\\/\\\/www.ingridslaa.nl\\\/de\\\/startseite\\\/\"},{\"@type\":\"ListItem\",\"position\":2,\"name\":\"30. November bis 22. Dezember: KunsthIJsa in der Kunsthalle\"}]},{\"@type\":\"WebSite\",\"@id\":\"https:\\\/\\\/www.ingridslaa.nl\\\/de\\\/#website\",\"url\":\"https:\\\/\\\/www.ingridslaa.nl\\\/de\\\/\",\"name\":\"Ingrid Slaa\",\"description\":\"\",\"potentialAction\":[{\"@type\":\"SearchAction\",\"target\":{\"@type\":\"EntryPoint\",\"urlTemplate\":\"https:\\\/\\\/www.ingridslaa.nl\\\/de\\\/?s={search_term_string}\"},\"query-input\":{\"@type\":\"PropertyValueSpecification\",\"valueRequired\":true,\"valueName\":\"search_term_string\"}}],\"inLanguage\":\"de\"},{\"@type\":\"Person\",\"@id\":\"https:\\\/\\\/www.ingridslaa.nl\\\/de\\\/#\\\/schema\\\/person\\\/3659b67200290459d0171e1aa3f5fb63\",\"name\":\"I Slaa\",\"image\":{\"@type\":\"ImageObject\",\"inLanguage\":\"de\",\"@id\":\"https:\\\/\\\/secure.gravatar.com\\\/avatar\\\/0aba7f5926f83ff32d8a0d9922ad8e1c5d10d06c3fccea95ab0fc464d6ee14dc?s=96&d=mm&r=g\",\"url\":\"https:\\\/\\\/secure.gravatar.com\\\/avatar\\\/0aba7f5926f83ff32d8a0d9922ad8e1c5d10d06c3fccea95ab0fc464d6ee14dc?s=96&d=mm&r=g\",\"contentUrl\":\"https:\\\/\\\/secure.gravatar.com\\\/avatar\\\/0aba7f5926f83ff32d8a0d9922ad8e1c5d10d06c3fccea95ab0fc464d6ee14dc?s=96&d=mm&r=g\",\"caption\":\"I Slaa\"},\"url\":\"https:\\\/\\\/www.ingridslaa.nl\\\/de\\\/author\\\/slaaingmar_36\\\/\"}]}<\/script>\n<!-- \/ Yoast SEO plugin. -->","yoast_head_json":{"title":"30. November bis 22. Dezember: KunsthIJsa in der Kunsthalle - Ingrid Slaa","robots":{"index":"index","follow":"follow","max-snippet":"max-snippet:-1","max-image-preview":"max-image-preview:large","max-video-preview":"max-video-preview:-1"},"canonical":"https:\/\/www.ingridslaa.nl\/de\/kunsthijsa-im-kunstlagerhaus\/","og_locale":"de_DE","og_type":"article","og_title":"30. November bis 22. Dezember: KunsthIJsa in der Kunsthalle - Ingrid Slaa","og_description":"W\u00e4hrend KunsthIJsa stellen 16 K\u00fcnstler erschwingliche Kunst aus.","og_url":"https:\/\/www.ingridslaa.nl\/de\/kunsthijsa-im-kunstlagerhaus\/","og_site_name":"Ingrid Slaa","article_published_time":"2024-12-04T08:52:33+00:00","article_modified_time":"2025-01-06T15:18:06+00:00","og_image":[{"width":1025,"height":725,"url":"https:\/\/www.ingridslaa.nl\/wp-content\/uploads\/2024\/11\/poster-KunsthIJsa-e1732822407288.jpg","type":"image\/jpeg"}],"author":"I Slaa","twitter_card":"summary_large_image","twitter_misc":{"Verfasst von":false,"Gesch\u00e4tzte Lesezeit":"12\u00a0Minuten"},"schema":{"@context":"https:\/\/schema.org","@graph":[{"@type":"Article","@id":"https:\/\/www.ingridslaa.nl\/de\/kunsthijsa-im-kunstlagerhaus\/#article","isPartOf":{"@id":"https:\/\/www.ingridslaa.nl\/de\/kunsthijsa-im-kunstlagerhaus\/"},"author":{"name":"I Slaa","@id":"https:\/\/www.ingridslaa.nl\/de\/#\/schema\/person\/3659b67200290459d0171e1aa3f5fb63"},"headline":"30. November bis 22. Dezember: KunsthIJsa in der Kunsthalle","datePublished":"2024-12-04T08:52:33+00:00","dateModified":"2025-01-06T15:18:06+00:00","mainEntityOfPage":{"@id":"https:\/\/www.ingridslaa.nl\/de\/kunsthijsa-im-kunstlagerhaus\/"},"wordCount":1798,"image":{"@id":"https:\/\/www.ingridslaa.nl\/de\/kunsthijsa-im-kunstlagerhaus\/#primaryimage"},"thumbnailUrl":"https:\/\/www.ingridslaa.nl\/wp-content\/uploads\/2024\/11\/poster-KunsthIJsa-e1732822407288.jpg","articleSection":["Archiv der Ausstellungen"],"inLanguage":"de"},{"@type":"WebPage","@id":"https:\/\/www.ingridslaa.nl\/de\/kunsthijsa-im-kunstlagerhaus\/","url":"https:\/\/www.ingridslaa.nl\/de\/kunsthijsa-im-kunstlagerhaus\/","name":"30. November bis 22. Dezember: KunsthIJsa in der Kunsthalle - Ingrid Slaa","isPartOf":{"@id":"https:\/\/www.ingridslaa.nl\/de\/#website"},"primaryImageOfPage":{"@id":"https:\/\/www.ingridslaa.nl\/de\/kunsthijsa-im-kunstlagerhaus\/#primaryimage"},"image":{"@id":"https:\/\/www.ingridslaa.nl\/de\/kunsthijsa-im-kunstlagerhaus\/#primaryimage"},"thumbnailUrl":"https:\/\/www.ingridslaa.nl\/wp-content\/uploads\/2024\/11\/poster-KunsthIJsa-e1732822407288.jpg","datePublished":"2024-12-04T08:52:33+00:00","dateModified":"2025-01-06T15:18:06+00:00","author":{"@id":"https:\/\/www.ingridslaa.nl\/de\/#\/schema\/person\/3659b67200290459d0171e1aa3f5fb63"},"breadcrumb":{"@id":"https:\/\/www.ingridslaa.nl\/de\/kunsthijsa-im-kunstlagerhaus\/#breadcrumb"},"inLanguage":"de","potentialAction":[{"@type":"ReadAction","target":["https:\/\/www.ingridslaa.nl\/de\/kunsthijsa-im-kunstlagerhaus\/"]}]},{"@type":"ImageObject","inLanguage":"de","@id":"https:\/\/www.ingridslaa.nl\/de\/kunsthijsa-im-kunstlagerhaus\/#primaryimage","url":"https:\/\/www.ingridslaa.nl\/wp-content\/uploads\/2024\/11\/poster-KunsthIJsa-e1732822407288.jpg","contentUrl":"https:\/\/www.ingridslaa.nl\/wp-content\/uploads\/2024\/11\/poster-KunsthIJsa-e1732822407288.jpg","width":1025,"height":725},{"@type":"BreadcrumbList","@id":"https:\/\/www.ingridslaa.nl\/de\/kunsthijsa-im-kunstlagerhaus\/#breadcrumb","itemListElement":[{"@type":"ListItem","position":1,"name":"Home","item":"https:\/\/www.ingridslaa.nl\/de\/startseite\/"},{"@type":"ListItem","position":2,"name":"30. November bis 22. Dezember: KunsthIJsa in der Kunsthalle"}]},{"@type":"WebSite","@id":"https:\/\/www.ingridslaa.nl\/de\/#website","url":"https:\/\/www.ingridslaa.nl\/de\/","name":"Ingrid Slaa","description":"","potentialAction":[{"@type":"SearchAction","target":{"@type":"EntryPoint","urlTemplate":"https:\/\/www.ingridslaa.nl\/de\/?s={search_term_string}"},"query-input":{"@type":"PropertyValueSpecification","valueRequired":true,"valueName":"search_term_string"}}],"inLanguage":"de"},{"@type":"Person","@id":"https:\/\/www.ingridslaa.nl\/de\/#\/schema\/person\/3659b67200290459d0171e1aa3f5fb63","name":"I Slaa","image":{"@type":"ImageObject","inLanguage":"de","@id":"https:\/\/secure.gravatar.com\/avatar\/0aba7f5926f83ff32d8a0d9922ad8e1c5d10d06c3fccea95ab0fc464d6ee14dc?s=96&d=mm&r=g","url":"https:\/\/secure.gravatar.com\/avatar\/0aba7f5926f83ff32d8a0d9922ad8e1c5d10d06c3fccea95ab0fc464d6ee14dc?s=96&d=mm&r=g","contentUrl":"https:\/\/secure.gravatar.com\/avatar\/0aba7f5926f83ff32d8a0d9922ad8e1c5d10d06c3fccea95ab0fc464d6ee14dc?s=96&d=mm&r=g","caption":"I Slaa"},"url":"https:\/\/www.ingridslaa.nl\/de\/author\/slaaingmar_36\/"}]}},"_links":{"self":[{"href":"https:\/\/www.ingridslaa.nl\/de\/wp-json\/wp\/v2\/posts\/16061","targetHints":{"allow":["GET"]}}],"collection":[{"href":"https:\/\/www.ingridslaa.nl\/de\/wp-json\/wp\/v2\/posts"}],"about":[{"href":"https:\/\/www.ingridslaa.nl\/de\/wp-json\/wp\/v2\/types\/post"}],"author":[{"embeddable":true,"href":"https:\/\/www.ingridslaa.nl\/de\/wp-json\/wp\/v2\/users\/3"}],"replies":[{"embeddable":true,"href":"https:\/\/www.ingridslaa.nl\/de\/wp-json\/wp\/v2\/comments?post=16061"}],"version-history":[{"count":28,"href":"https:\/\/www.ingridslaa.nl\/de\/wp-json\/wp\/v2\/posts\/16061\/revisions"}],"predecessor-version":[{"id":16288,"href":"https:\/\/www.ingridslaa.nl\/de\/wp-json\/wp\/v2\/posts\/16061\/revisions\/16288"}],"wp:featuredmedia":[{"embeddable":true,"href":"https:\/\/www.ingridslaa.nl\/de\/wp-json\/wp\/v2\/media\/16059"}],"wp:attachment":[{"href":"https:\/\/www.ingridslaa.nl\/de\/wp-json\/wp\/v2\/media?parent=16061"}],"wp:term":[{"taxonomy":"category","embeddable":true,"href":"https:\/\/www.ingridslaa.nl\/de\/wp-json\/wp\/v2\/categories?post=16061"},{"taxonomy":"post_tag","embeddable":true,"href":"https:\/\/www.ingridslaa.nl\/de\/wp-json\/wp\/v2\/tags?post=16061"}],"curies":[{"name":"wp","href":"https:\/\/api.w.org\/{rel}","templated":true}]}}