{"id":16339,"date":"2025-02-18T17:55:31","date_gmt":"2025-02-18T15:55:31","guid":{"rendered":"https:\/\/www.ingridslaa.nl\/8-und-9-maerz-willemien-van-gurp-stellt-zeichnungen-collagen-und-kompositionen-aus-gefundenen-objekten-aus\/"},"modified":"2025-06-30T15:32:03","modified_gmt":"2025-06-30T13:32:03","slug":"8-und-9-maerz-willemien-van-gurp-stellt-zeichnungen-collagen-und-kompositionen-aus-gefundenen-objekten-aus","status":"publish","type":"post","link":"https:\/\/www.ingridslaa.nl\/de\/8-und-9-maerz-willemien-van-gurp-stellt-zeichnungen-collagen-und-kompositionen-aus-gefundenen-objekten-aus\/","title":{"rendered":"8. und 9. M\u00e4rz 2025: Willemien van Gurp"},"content":{"rendered":"<div  class='flex_column av-v3b9vk-6cf247d49343737e22f5dc6a2286f64b av_one_full  avia-builder-el-0  el_before_av_heading  avia-builder-el-first  first flex_column_div  '     ><\/div>\n\n<style type=\"text\/css\" data-created_by=\"avia_inline_auto\" id=\"style-css-av-m5vhbs25-c8a6eda1ad3d2e3643f91549a99857fa\">\n#top .av-special-heading.av-m5vhbs25-c8a6eda1ad3d2e3643f91549a99857fa{\npadding-bottom:10px;\n}\nbody .av-special-heading.av-m5vhbs25-c8a6eda1ad3d2e3643f91549a99857fa .av-special-heading-tag .heading-char{\nfont-size:25px;\n}\n.av-special-heading.av-m5vhbs25-c8a6eda1ad3d2e3643f91549a99857fa .av-subheading{\nfont-size:15px;\n}\n<\/style>\n<div  class='av-special-heading av-m5vhbs25-c8a6eda1ad3d2e3643f91549a99857fa av-special-heading-h3  avia-builder-el-1  el_after_av_one_full  el_before_av_textblock '><h3 class='av-special-heading-tag '  itemprop=\"headline\"  >Willemien van Gurp<\/h3><div class=\"special-heading-border\"><div class=\"special-heading-inner-border\"><\/div><\/div><\/div>\n<section  class='av_textblock_section av-m5vhdzwv-9a56d7fd64b452a82be664b865fedd3b '   itemscope=\"itemscope\" itemtype=\"https:\/\/schema.org\/BlogPosting\" itemprop=\"blogPost\" ><div class='avia_textblock'  itemprop=\"text\" ><p><strong>Am 8. und 9. M\u00e4rz 2025 stellte Willemien van Gurp Zeichnungen, Collagen und Kompositionen aus gefundenen Objekten in der Galerie aus.<\/strong><\/p>\n<p>Willemien van Gurp zeichnet, macht Collagen auf Papier und Kompositionen mit gefundenen Objekten.<\/p>\n<p>In ihrer Arbeit spielt der Zufall eine gro\u00dfe Rolle. Es gibt keinen vorgefassten Plan, aber sie l\u00e4sst ihn entstehen, so dass sie selbst immer wieder \u00fcberrascht ist.<\/p>\n<p>W\u00e4hrend des Wochenendes wird Willemien vor allem farbenfrohe Collagezeichnungen zeigen. Zeichnungen, f\u00fcr die sie sich von der Form isl\u00e4ndischer Zeitungstr\u00e4nen inspirieren lie\u00df. Eine Zeichnung provoziert eine andere Zeichnung, weil sich eine L\u00fccke ergibt.<\/p>\n<p>28 Zeichnungen finden Sie auch im Gedichtband von Annette van der Laan. Sie wird am Samstag, den 8. M\u00e4rz um 14 Uhr ihr Deb\u00fct &#8220;Denn wo ich hin will, ist Leere&#8220; vorstellen. Es ist eine besondere Zusammenarbeit geworden.<\/p>\n<p>Dar\u00fcber hinaus wird Willemien Kompositionen von Fundst\u00fccken ausstellen, ob bearbeitet oder nicht.<\/p>\n<p>Website: <a href=\"http:\/\/www.willemienvangurp.nl\/\" target=\"_blank\" rel=\"noopener\">Willemien van Gurp<\/a><\/p>\n<\/div><\/section>\n\n<style type=\"text\/css\" data-created_by=\"avia_inline_auto\" id=\"style-css-av-m5vhgfgu-ceb8a605863c0b89a346bd83dd350764\">\n#top .avia-gallery.av-m5vhgfgu-ceb8a605863c0b89a346bd83dd350764 .avia-gallery-thumb a{\nwidth:16.6667%;\n}\n<\/style>\n<div  class='avia-gallery av-m5vhgfgu-ceb8a605863c0b89a346bd83dd350764 avia_animate_when_visible  avia-builder-el-3  el_after_av_textblock  avia-builder-el-last  avia_lazyload avia-gallery-animate avia-gallery-1'  itemprop=\"image\" itemscope=\"itemscope\" itemtype=\"https:\/\/schema.org\/ImageObject\" ><meta itemprop=\"contentURL\" content=\"https:\/\/www.ingridslaa.nl\/de\/8-und-9-maerz-willemien-van-gurp-stellt-zeichnungen-collagen-und-kompositionen-aus-gefundenen-objekten-aus\/\"><div class='avia-gallery-thumb'><a href=\"https:\/\/www.ingridslaa.nl\/wp-content\/uploads\/2025\/01\/Willemien-1.jpg\" data-srcset=\"https:\/\/www.ingridslaa.nl\/wp-content\/uploads\/2025\/01\/Willemien-1.jpg 725w, https:\/\/www.ingridslaa.nl\/wp-content\/uploads\/2025\/01\/Willemien-1-225x300.jpg 225w, https:\/\/www.ingridslaa.nl\/wp-content\/uploads\/2025\/01\/Willemien-1-529x705.jpg 529w\" data-sizes=\"(max-width: 725px) 100vw, 725px\" data-rel='gallery-1' data-prev-img='https:\/\/www.ingridslaa.nl\/wp-content\/uploads\/2025\/01\/Willemien-1-495x400.jpg' class='first_thumb lightbox ' data-onclick='1' title='Willemien 1'  itemprop=\"thumbnailUrl\"  ><img decoding=\"async\" fetchpriority=\"high\" class=\"wp-image-16402 avia-img-lazy-loading-not-16402\"   src=\"https:\/\/www.ingridslaa.nl\/wp-content\/uploads\/2025\/01\/Willemien-1.jpg\" width=\"725\" height=\"967\"  title='Willemien 1' alt='' srcset=\"https:\/\/www.ingridslaa.nl\/wp-content\/uploads\/2025\/01\/Willemien-1.jpg 725w, https:\/\/www.ingridslaa.nl\/wp-content\/uploads\/2025\/01\/Willemien-1-225x300.jpg 225w, https:\/\/www.ingridslaa.nl\/wp-content\/uploads\/2025\/01\/Willemien-1-529x705.jpg 529w\" sizes=\"(max-width: 725px) 100vw, 725px\" \/><div class='big-prev-fake'><img decoding=\"async\" loading=\"lazy\" class=\"wp-image-16402 avia-img-lazy-loading-16402\"  width=\"495\" height=\"400\" src=\"https:\/\/www.ingridslaa.nl\/wp-content\/uploads\/2025\/01\/Willemien-1-495x400.jpg\" title='Willemien 1' alt='' \/><\/div><\/a><a href=\"https:\/\/www.ingridslaa.nl\/wp-content\/uploads\/2025\/01\/Willemien-van-Gurp-1.jpg\" data-srcset=\"https:\/\/www.ingridslaa.nl\/wp-content\/uploads\/2025\/01\/Willemien-van-Gurp-1.jpg 725w, https:\/\/www.ingridslaa.nl\/wp-content\/uploads\/2025\/01\/Willemien-van-Gurp-1-214x300.jpg 214w, https:\/\/www.ingridslaa.nl\/wp-content\/uploads\/2025\/01\/Willemien-van-Gurp-1-502x705.jpg 502w\" data-sizes=\"(max-width: 725px) 100vw, 725px\" data-rel='gallery-1' data-prev-img='https:\/\/www.ingridslaa.nl\/wp-content\/uploads\/2025\/01\/Willemien-van-Gurp-1-495x400.jpg' class='lightbox ' data-onclick='2' title='Willemien van Gurp 1'  itemprop=\"thumbnailUrl\"  ><img decoding=\"async\" fetchpriority=\"high\" class=\"wp-image-16323 avia-img-lazy-loading-not-16323\"   src=\"https:\/\/www.ingridslaa.nl\/wp-content\/uploads\/2025\/01\/Willemien-van-Gurp-1.jpg\" width=\"725\" height=\"1018\"  title='Willemien van Gurp 1' alt='' srcset=\"https:\/\/www.ingridslaa.nl\/wp-content\/uploads\/2025\/01\/Willemien-van-Gurp-1.jpg 725w, https:\/\/www.ingridslaa.nl\/wp-content\/uploads\/2025\/01\/Willemien-van-Gurp-1-214x300.jpg 214w, https:\/\/www.ingridslaa.nl\/wp-content\/uploads\/2025\/01\/Willemien-van-Gurp-1-502x705.jpg 502w\" sizes=\"(max-width: 725px) 100vw, 725px\" \/><div class='big-prev-fake'><img decoding=\"async\" loading=\"lazy\" class=\"wp-image-16323 avia-img-lazy-loading-16323\"  width=\"495\" height=\"400\" src=\"https:\/\/www.ingridslaa.nl\/wp-content\/uploads\/2025\/01\/Willemien-van-Gurp-1-495x400.jpg\" title='Willemien van Gurp 1' alt='' \/><\/div><\/a><a href=\"https:\/\/www.ingridslaa.nl\/wp-content\/uploads\/2025\/01\/Willemien-van-Gurp-2-706x1030.jpg\" data-srcset=\"https:\/\/www.ingridslaa.nl\/wp-content\/uploads\/2025\/01\/Willemien-van-Gurp-2-706x1030.jpg 706w, https:\/\/www.ingridslaa.nl\/wp-content\/uploads\/2025\/01\/Willemien-van-Gurp-2-206x300.jpg 206w, https:\/\/www.ingridslaa.nl\/wp-content\/uploads\/2025\/01\/Willemien-van-Gurp-2-483x705.jpg 483w, https:\/\/www.ingridslaa.nl\/wp-content\/uploads\/2025\/01\/Willemien-van-Gurp-2.jpg 725w\" data-sizes=\"(max-width: 706px) 100vw, 706px\" data-rel='gallery-1' data-prev-img='https:\/\/www.ingridslaa.nl\/wp-content\/uploads\/2025\/01\/Willemien-van-Gurp-2-495x400.jpg' class='lightbox ' data-onclick='3' title='Willemien van Gurp 2'  itemprop=\"thumbnailUrl\"  ><img decoding=\"async\" fetchpriority=\"high\" class=\"wp-image-16326 avia-img-lazy-loading-not-16326\"   src=\"https:\/\/www.ingridslaa.nl\/wp-content\/uploads\/2025\/01\/Willemien-van-Gurp-2.jpg\" width=\"725\" height=\"1058\"  title='Willemien van Gurp 2' alt='' srcset=\"https:\/\/www.ingridslaa.nl\/wp-content\/uploads\/2025\/01\/Willemien-van-Gurp-2.jpg 725w, https:\/\/www.ingridslaa.nl\/wp-content\/uploads\/2025\/01\/Willemien-van-Gurp-2-206x300.jpg 206w, https:\/\/www.ingridslaa.nl\/wp-content\/uploads\/2025\/01\/Willemien-van-Gurp-2-706x1030.jpg 706w, https:\/\/www.ingridslaa.nl\/wp-content\/uploads\/2025\/01\/Willemien-van-Gurp-2-483x705.jpg 483w\" sizes=\"(max-width: 725px) 100vw, 725px\" \/><div class='big-prev-fake'><img decoding=\"async\" loading=\"lazy\" class=\"wp-image-16326 avia-img-lazy-loading-16326\"  width=\"495\" height=\"400\" src=\"https:\/\/www.ingridslaa.nl\/wp-content\/uploads\/2025\/01\/Willemien-van-Gurp-2-495x400.jpg\" title='Willemien van Gurp 2' alt='' \/><\/div><\/a><a href=\"https:\/\/www.ingridslaa.nl\/wp-content\/uploads\/2025\/01\/Willemien-van-Gurp-3.jpg\" data-srcset=\"https:\/\/www.ingridslaa.nl\/wp-content\/uploads\/2025\/01\/Willemien-van-Gurp-3.jpg 725w, https:\/\/www.ingridslaa.nl\/wp-content\/uploads\/2025\/01\/Willemien-van-Gurp-3-225x300.jpg 225w, https:\/\/www.ingridslaa.nl\/wp-content\/uploads\/2025\/01\/Willemien-van-Gurp-3-529x705.jpg 529w\" data-sizes=\"(max-width: 725px) 100vw, 725px\" data-rel='gallery-1' data-prev-img='https:\/\/www.ingridslaa.nl\/wp-content\/uploads\/2025\/01\/Willemien-van-Gurp-3-495x400.jpg' class='lightbox ' data-onclick='4' title='Willemien van Gurp 3'  itemprop=\"thumbnailUrl\"  ><img decoding=\"async\" fetchpriority=\"high\" class=\"wp-image-16329 avia-img-lazy-loading-not-16329\"   src=\"https:\/\/www.ingridslaa.nl\/wp-content\/uploads\/2025\/01\/Willemien-van-Gurp-3.jpg\" width=\"725\" height=\"967\"  title='Willemien van Gurp 3' alt='' srcset=\"https:\/\/www.ingridslaa.nl\/wp-content\/uploads\/2025\/01\/Willemien-van-Gurp-3.jpg 725w, https:\/\/www.ingridslaa.nl\/wp-content\/uploads\/2025\/01\/Willemien-van-Gurp-3-225x300.jpg 225w, https:\/\/www.ingridslaa.nl\/wp-content\/uploads\/2025\/01\/Willemien-van-Gurp-3-529x705.jpg 529w\" sizes=\"(max-width: 725px) 100vw, 725px\" \/><div class='big-prev-fake'><img decoding=\"async\" loading=\"lazy\" class=\"wp-image-16329 avia-img-lazy-loading-16329\"  width=\"495\" height=\"400\" src=\"https:\/\/www.ingridslaa.nl\/wp-content\/uploads\/2025\/01\/Willemien-van-Gurp-3-495x400.jpg\" title='Willemien van Gurp 3' alt='' \/><\/div><\/a><\/div><\/div>\n","protected":false},"excerpt":{"rendered":"<p>Am 8. und 9. M\u00e4rz 2025 stellte Willemien van Gurp Zeichnungen, Collagen und Kompositionen aus gefundenen Objekten in der Galerie aus.<\/p>\n","protected":false},"author":3,"featured_media":16332,"comment_status":"closed","ping_status":"closed","sticky":false,"template":"","format":"standard","meta":{"inline_featured_image":false,"footnotes":""},"categories":[94],"tags":[],"class_list":["post-16339","post","type-post","status-publish","format-standard","has-post-thumbnail","hentry","category-archiv-der-gastkunstler"],"yoast_head":"<!-- This site is optimized with the Yoast SEO plugin v27.5 - https:\/\/yoast.com\/product\/yoast-seo-wordpress\/ -->\n<title>8. und 9. M\u00e4rz 2025: Willemien van Gurp - Ingrid Slaa<\/title>\n<meta name=\"robots\" content=\"index, follow, max-snippet:-1, max-image-preview:large, max-video-preview:-1\" \/>\n<link rel=\"canonical\" href=\"https:\/\/www.ingridslaa.nl\/de\/8-und-9-maerz-willemien-van-gurp-stellt-zeichnungen-collagen-und-kompositionen-aus-gefundenen-objekten-aus\/\" \/>\n<meta property=\"og:locale\" content=\"de_DE\" \/>\n<meta property=\"og:type\" content=\"article\" \/>\n<meta property=\"og:title\" content=\"8. und 9. M\u00e4rz 2025: Willemien van Gurp - Ingrid Slaa\" \/>\n<meta property=\"og:description\" content=\"Am 8. und 9. M\u00e4rz 2025 stellte Willemien van Gurp Zeichnungen, Collagen und Kompositionen aus gefundenen Objekten in der Galerie aus.\" \/>\n<meta property=\"og:url\" content=\"https:\/\/www.ingridslaa.nl\/de\/8-und-9-maerz-willemien-van-gurp-stellt-zeichnungen-collagen-und-kompositionen-aus-gefundenen-objekten-aus\/\" \/>\n<meta property=\"og:site_name\" content=\"Ingrid Slaa\" \/>\n<meta property=\"article:published_time\" content=\"2025-02-18T15:55:31+00:00\" \/>\n<meta property=\"article:modified_time\" content=\"2025-06-30T13:32:03+00:00\" \/>\n<meta property=\"og:image\" content=\"https:\/\/www.ingridslaa.nl\/wp-content\/uploads\/2025\/01\/Willemien-van-Gurp-e1737388454244.jpg\" \/>\n\t<meta property=\"og:image:width\" content=\"768\" \/>\n\t<meta property=\"og:image:height\" content=\"725\" \/>\n\t<meta property=\"og:image:type\" content=\"image\/jpeg\" \/>\n<meta name=\"author\" content=\"I Slaa\" \/>\n<meta name=\"twitter:card\" content=\"summary_large_image\" \/>\n<meta name=\"twitter:label1\" content=\"Verfasst von\" \/>\n\t<meta name=\"twitter:data1\" content=\"\" \/>\n\t<meta name=\"twitter:label2\" content=\"Gesch\u00e4tzte Lesezeit\" \/>\n\t<meta name=\"twitter:data2\" content=\"4\u00a0Minuten\" \/>\n<script type=\"application\/ld+json\" class=\"yoast-schema-graph\">{\"@context\":\"https:\\\/\\\/schema.org\",\"@graph\":[{\"@type\":\"Article\",\"@id\":\"https:\\\/\\\/www.ingridslaa.nl\\\/de\\\/8-und-9-maerz-willemien-van-gurp-stellt-zeichnungen-collagen-und-kompositionen-aus-gefundenen-objekten-aus\\\/#article\",\"isPartOf\":{\"@id\":\"https:\\\/\\\/www.ingridslaa.nl\\\/de\\\/8-und-9-maerz-willemien-van-gurp-stellt-zeichnungen-collagen-und-kompositionen-aus-gefundenen-objekten-aus\\\/\"},\"author\":{\"name\":\"I Slaa\",\"@id\":\"https:\\\/\\\/www.ingridslaa.nl\\\/de\\\/#\\\/schema\\\/person\\\/3659b67200290459d0171e1aa3f5fb63\"},\"headline\":\"8. und 9. M\u00e4rz 2025: Willemien van Gurp\",\"datePublished\":\"2025-02-18T15:55:31+00:00\",\"dateModified\":\"2025-06-30T13:32:03+00:00\",\"mainEntityOfPage\":{\"@id\":\"https:\\\/\\\/www.ingridslaa.nl\\\/de\\\/8-und-9-maerz-willemien-van-gurp-stellt-zeichnungen-collagen-und-kompositionen-aus-gefundenen-objekten-aus\\\/\"},\"wordCount\":629,\"image\":{\"@id\":\"https:\\\/\\\/www.ingridslaa.nl\\\/de\\\/8-und-9-maerz-willemien-van-gurp-stellt-zeichnungen-collagen-und-kompositionen-aus-gefundenen-objekten-aus\\\/#primaryimage\"},\"thumbnailUrl\":\"https:\\\/\\\/www.ingridslaa.nl\\\/wp-content\\\/uploads\\\/2025\\\/01\\\/Willemien-van-Gurp-e1737388454244.jpg\",\"articleSection\":[\"Archiv der Gastk\u00fcnstler\"],\"inLanguage\":\"de\"},{\"@type\":\"WebPage\",\"@id\":\"https:\\\/\\\/www.ingridslaa.nl\\\/de\\\/8-und-9-maerz-willemien-van-gurp-stellt-zeichnungen-collagen-und-kompositionen-aus-gefundenen-objekten-aus\\\/\",\"url\":\"https:\\\/\\\/www.ingridslaa.nl\\\/de\\\/8-und-9-maerz-willemien-van-gurp-stellt-zeichnungen-collagen-und-kompositionen-aus-gefundenen-objekten-aus\\\/\",\"name\":\"8. und 9. M\u00e4rz 2025: Willemien van Gurp - Ingrid Slaa\",\"isPartOf\":{\"@id\":\"https:\\\/\\\/www.ingridslaa.nl\\\/de\\\/#website\"},\"primaryImageOfPage\":{\"@id\":\"https:\\\/\\\/www.ingridslaa.nl\\\/de\\\/8-und-9-maerz-willemien-van-gurp-stellt-zeichnungen-collagen-und-kompositionen-aus-gefundenen-objekten-aus\\\/#primaryimage\"},\"image\":{\"@id\":\"https:\\\/\\\/www.ingridslaa.nl\\\/de\\\/8-und-9-maerz-willemien-van-gurp-stellt-zeichnungen-collagen-und-kompositionen-aus-gefundenen-objekten-aus\\\/#primaryimage\"},\"thumbnailUrl\":\"https:\\\/\\\/www.ingridslaa.nl\\\/wp-content\\\/uploads\\\/2025\\\/01\\\/Willemien-van-Gurp-e1737388454244.jpg\",\"datePublished\":\"2025-02-18T15:55:31+00:00\",\"dateModified\":\"2025-06-30T13:32:03+00:00\",\"author\":{\"@id\":\"https:\\\/\\\/www.ingridslaa.nl\\\/de\\\/#\\\/schema\\\/person\\\/3659b67200290459d0171e1aa3f5fb63\"},\"breadcrumb\":{\"@id\":\"https:\\\/\\\/www.ingridslaa.nl\\\/de\\\/8-und-9-maerz-willemien-van-gurp-stellt-zeichnungen-collagen-und-kompositionen-aus-gefundenen-objekten-aus\\\/#breadcrumb\"},\"inLanguage\":\"de\",\"potentialAction\":[{\"@type\":\"ReadAction\",\"target\":[\"https:\\\/\\\/www.ingridslaa.nl\\\/de\\\/8-und-9-maerz-willemien-van-gurp-stellt-zeichnungen-collagen-und-kompositionen-aus-gefundenen-objekten-aus\\\/\"]}]},{\"@type\":\"ImageObject\",\"inLanguage\":\"de\",\"@id\":\"https:\\\/\\\/www.ingridslaa.nl\\\/de\\\/8-und-9-maerz-willemien-van-gurp-stellt-zeichnungen-collagen-und-kompositionen-aus-gefundenen-objekten-aus\\\/#primaryimage\",\"url\":\"https:\\\/\\\/www.ingridslaa.nl\\\/wp-content\\\/uploads\\\/2025\\\/01\\\/Willemien-van-Gurp-e1737388454244.jpg\",\"contentUrl\":\"https:\\\/\\\/www.ingridslaa.nl\\\/wp-content\\\/uploads\\\/2025\\\/01\\\/Willemien-van-Gurp-e1737388454244.jpg\",\"width\":768,\"height\":725},{\"@type\":\"BreadcrumbList\",\"@id\":\"https:\\\/\\\/www.ingridslaa.nl\\\/de\\\/8-und-9-maerz-willemien-van-gurp-stellt-zeichnungen-collagen-und-kompositionen-aus-gefundenen-objekten-aus\\\/#breadcrumb\",\"itemListElement\":[{\"@type\":\"ListItem\",\"position\":1,\"name\":\"Home\",\"item\":\"https:\\\/\\\/www.ingridslaa.nl\\\/de\\\/startseite\\\/\"},{\"@type\":\"ListItem\",\"position\":2,\"name\":\"8. und 9. M\u00e4rz 2025: Willemien van Gurp\"}]},{\"@type\":\"WebSite\",\"@id\":\"https:\\\/\\\/www.ingridslaa.nl\\\/de\\\/#website\",\"url\":\"https:\\\/\\\/www.ingridslaa.nl\\\/de\\\/\",\"name\":\"Ingrid Slaa\",\"description\":\"\",\"potentialAction\":[{\"@type\":\"SearchAction\",\"target\":{\"@type\":\"EntryPoint\",\"urlTemplate\":\"https:\\\/\\\/www.ingridslaa.nl\\\/de\\\/?s={search_term_string}\"},\"query-input\":{\"@type\":\"PropertyValueSpecification\",\"valueRequired\":true,\"valueName\":\"search_term_string\"}}],\"inLanguage\":\"de\"},{\"@type\":\"Person\",\"@id\":\"https:\\\/\\\/www.ingridslaa.nl\\\/de\\\/#\\\/schema\\\/person\\\/3659b67200290459d0171e1aa3f5fb63\",\"name\":\"I Slaa\",\"image\":{\"@type\":\"ImageObject\",\"inLanguage\":\"de\",\"@id\":\"https:\\\/\\\/secure.gravatar.com\\\/avatar\\\/0aba7f5926f83ff32d8a0d9922ad8e1c5d10d06c3fccea95ab0fc464d6ee14dc?s=96&d=mm&r=g\",\"url\":\"https:\\\/\\\/secure.gravatar.com\\\/avatar\\\/0aba7f5926f83ff32d8a0d9922ad8e1c5d10d06c3fccea95ab0fc464d6ee14dc?s=96&d=mm&r=g\",\"contentUrl\":\"https:\\\/\\\/secure.gravatar.com\\\/avatar\\\/0aba7f5926f83ff32d8a0d9922ad8e1c5d10d06c3fccea95ab0fc464d6ee14dc?s=96&d=mm&r=g\",\"caption\":\"I Slaa\"},\"url\":\"https:\\\/\\\/www.ingridslaa.nl\\\/de\\\/author\\\/slaaingmar_36\\\/\"}]}<\/script>\n<!-- \/ Yoast SEO plugin. -->","yoast_head_json":{"title":"8. und 9. M\u00e4rz 2025: Willemien van Gurp - Ingrid Slaa","robots":{"index":"index","follow":"follow","max-snippet":"max-snippet:-1","max-image-preview":"max-image-preview:large","max-video-preview":"max-video-preview:-1"},"canonical":"https:\/\/www.ingridslaa.nl\/de\/8-und-9-maerz-willemien-van-gurp-stellt-zeichnungen-collagen-und-kompositionen-aus-gefundenen-objekten-aus\/","og_locale":"de_DE","og_type":"article","og_title":"8. und 9. M\u00e4rz 2025: Willemien van Gurp - Ingrid Slaa","og_description":"Am 8. und 9. M\u00e4rz 2025 stellte Willemien van Gurp Zeichnungen, Collagen und Kompositionen aus gefundenen Objekten in der Galerie aus.","og_url":"https:\/\/www.ingridslaa.nl\/de\/8-und-9-maerz-willemien-van-gurp-stellt-zeichnungen-collagen-und-kompositionen-aus-gefundenen-objekten-aus\/","og_site_name":"Ingrid Slaa","article_published_time":"2025-02-18T15:55:31+00:00","article_modified_time":"2025-06-30T13:32:03+00:00","og_image":[{"width":768,"height":725,"url":"https:\/\/www.ingridslaa.nl\/wp-content\/uploads\/2025\/01\/Willemien-van-Gurp-e1737388454244.jpg","type":"image\/jpeg"}],"author":"I Slaa","twitter_card":"summary_large_image","twitter_misc":{"Verfasst von":false,"Gesch\u00e4tzte Lesezeit":"4\u00a0Minuten"},"schema":{"@context":"https:\/\/schema.org","@graph":[{"@type":"Article","@id":"https:\/\/www.ingridslaa.nl\/de\/8-und-9-maerz-willemien-van-gurp-stellt-zeichnungen-collagen-und-kompositionen-aus-gefundenen-objekten-aus\/#article","isPartOf":{"@id":"https:\/\/www.ingridslaa.nl\/de\/8-und-9-maerz-willemien-van-gurp-stellt-zeichnungen-collagen-und-kompositionen-aus-gefundenen-objekten-aus\/"},"author":{"name":"I Slaa","@id":"https:\/\/www.ingridslaa.nl\/de\/#\/schema\/person\/3659b67200290459d0171e1aa3f5fb63"},"headline":"8. und 9. M\u00e4rz 2025: Willemien van Gurp","datePublished":"2025-02-18T15:55:31+00:00","dateModified":"2025-06-30T13:32:03+00:00","mainEntityOfPage":{"@id":"https:\/\/www.ingridslaa.nl\/de\/8-und-9-maerz-willemien-van-gurp-stellt-zeichnungen-collagen-und-kompositionen-aus-gefundenen-objekten-aus\/"},"wordCount":629,"image":{"@id":"https:\/\/www.ingridslaa.nl\/de\/8-und-9-maerz-willemien-van-gurp-stellt-zeichnungen-collagen-und-kompositionen-aus-gefundenen-objekten-aus\/#primaryimage"},"thumbnailUrl":"https:\/\/www.ingridslaa.nl\/wp-content\/uploads\/2025\/01\/Willemien-van-Gurp-e1737388454244.jpg","articleSection":["Archiv der Gastk\u00fcnstler"],"inLanguage":"de"},{"@type":"WebPage","@id":"https:\/\/www.ingridslaa.nl\/de\/8-und-9-maerz-willemien-van-gurp-stellt-zeichnungen-collagen-und-kompositionen-aus-gefundenen-objekten-aus\/","url":"https:\/\/www.ingridslaa.nl\/de\/8-und-9-maerz-willemien-van-gurp-stellt-zeichnungen-collagen-und-kompositionen-aus-gefundenen-objekten-aus\/","name":"8. und 9. M\u00e4rz 2025: Willemien van Gurp - Ingrid Slaa","isPartOf":{"@id":"https:\/\/www.ingridslaa.nl\/de\/#website"},"primaryImageOfPage":{"@id":"https:\/\/www.ingridslaa.nl\/de\/8-und-9-maerz-willemien-van-gurp-stellt-zeichnungen-collagen-und-kompositionen-aus-gefundenen-objekten-aus\/#primaryimage"},"image":{"@id":"https:\/\/www.ingridslaa.nl\/de\/8-und-9-maerz-willemien-van-gurp-stellt-zeichnungen-collagen-und-kompositionen-aus-gefundenen-objekten-aus\/#primaryimage"},"thumbnailUrl":"https:\/\/www.ingridslaa.nl\/wp-content\/uploads\/2025\/01\/Willemien-van-Gurp-e1737388454244.jpg","datePublished":"2025-02-18T15:55:31+00:00","dateModified":"2025-06-30T13:32:03+00:00","author":{"@id":"https:\/\/www.ingridslaa.nl\/de\/#\/schema\/person\/3659b67200290459d0171e1aa3f5fb63"},"breadcrumb":{"@id":"https:\/\/www.ingridslaa.nl\/de\/8-und-9-maerz-willemien-van-gurp-stellt-zeichnungen-collagen-und-kompositionen-aus-gefundenen-objekten-aus\/#breadcrumb"},"inLanguage":"de","potentialAction":[{"@type":"ReadAction","target":["https:\/\/www.ingridslaa.nl\/de\/8-und-9-maerz-willemien-van-gurp-stellt-zeichnungen-collagen-und-kompositionen-aus-gefundenen-objekten-aus\/"]}]},{"@type":"ImageObject","inLanguage":"de","@id":"https:\/\/www.ingridslaa.nl\/de\/8-und-9-maerz-willemien-van-gurp-stellt-zeichnungen-collagen-und-kompositionen-aus-gefundenen-objekten-aus\/#primaryimage","url":"https:\/\/www.ingridslaa.nl\/wp-content\/uploads\/2025\/01\/Willemien-van-Gurp-e1737388454244.jpg","contentUrl":"https:\/\/www.ingridslaa.nl\/wp-content\/uploads\/2025\/01\/Willemien-van-Gurp-e1737388454244.jpg","width":768,"height":725},{"@type":"BreadcrumbList","@id":"https:\/\/www.ingridslaa.nl\/de\/8-und-9-maerz-willemien-van-gurp-stellt-zeichnungen-collagen-und-kompositionen-aus-gefundenen-objekten-aus\/#breadcrumb","itemListElement":[{"@type":"ListItem","position":1,"name":"Home","item":"https:\/\/www.ingridslaa.nl\/de\/startseite\/"},{"@type":"ListItem","position":2,"name":"8. und 9. M\u00e4rz 2025: Willemien van Gurp"}]},{"@type":"WebSite","@id":"https:\/\/www.ingridslaa.nl\/de\/#website","url":"https:\/\/www.ingridslaa.nl\/de\/","name":"Ingrid Slaa","description":"","potentialAction":[{"@type":"SearchAction","target":{"@type":"EntryPoint","urlTemplate":"https:\/\/www.ingridslaa.nl\/de\/?s={search_term_string}"},"query-input":{"@type":"PropertyValueSpecification","valueRequired":true,"valueName":"search_term_string"}}],"inLanguage":"de"},{"@type":"Person","@id":"https:\/\/www.ingridslaa.nl\/de\/#\/schema\/person\/3659b67200290459d0171e1aa3f5fb63","name":"I Slaa","image":{"@type":"ImageObject","inLanguage":"de","@id":"https:\/\/secure.gravatar.com\/avatar\/0aba7f5926f83ff32d8a0d9922ad8e1c5d10d06c3fccea95ab0fc464d6ee14dc?s=96&d=mm&r=g","url":"https:\/\/secure.gravatar.com\/avatar\/0aba7f5926f83ff32d8a0d9922ad8e1c5d10d06c3fccea95ab0fc464d6ee14dc?s=96&d=mm&r=g","contentUrl":"https:\/\/secure.gravatar.com\/avatar\/0aba7f5926f83ff32d8a0d9922ad8e1c5d10d06c3fccea95ab0fc464d6ee14dc?s=96&d=mm&r=g","caption":"I Slaa"},"url":"https:\/\/www.ingridslaa.nl\/de\/author\/slaaingmar_36\/"}]}},"_links":{"self":[{"href":"https:\/\/www.ingridslaa.nl\/de\/wp-json\/wp\/v2\/posts\/16339","targetHints":{"allow":["GET"]}}],"collection":[{"href":"https:\/\/www.ingridslaa.nl\/de\/wp-json\/wp\/v2\/posts"}],"about":[{"href":"https:\/\/www.ingridslaa.nl\/de\/wp-json\/wp\/v2\/types\/post"}],"author":[{"embeddable":true,"href":"https:\/\/www.ingridslaa.nl\/de\/wp-json\/wp\/v2\/users\/3"}],"replies":[{"embeddable":true,"href":"https:\/\/www.ingridslaa.nl\/de\/wp-json\/wp\/v2\/comments?post=16339"}],"version-history":[{"count":47,"href":"https:\/\/www.ingridslaa.nl\/de\/wp-json\/wp\/v2\/posts\/16339\/revisions"}],"predecessor-version":[{"id":18151,"href":"https:\/\/www.ingridslaa.nl\/de\/wp-json\/wp\/v2\/posts\/16339\/revisions\/18151"}],"wp:featuredmedia":[{"embeddable":true,"href":"https:\/\/www.ingridslaa.nl\/de\/wp-json\/wp\/v2\/media\/16332"}],"wp:attachment":[{"href":"https:\/\/www.ingridslaa.nl\/de\/wp-json\/wp\/v2\/media?parent=16339"}],"wp:term":[{"taxonomy":"category","embeddable":true,"href":"https:\/\/www.ingridslaa.nl\/de\/wp-json\/wp\/v2\/categories?post=16339"},{"taxonomy":"post_tag","embeddable":true,"href":"https:\/\/www.ingridslaa.nl\/de\/wp-json\/wp\/v2\/tags?post=16339"}],"curies":[{"name":"wp","href":"https:\/\/api.w.org\/{rel}","templated":true}]}}