{"id":18101,"date":"2025-07-20T20:50:35","date_gmt":"2025-07-20T18:50:35","guid":{"rendered":"https:\/\/www.ingridslaa.nl\/13-und-14-september-marisja-van-weegberg\/"},"modified":"2025-09-26T13:19:50","modified_gmt":"2025-09-26T11:19:50","slug":"13-und-14-september-marisja-van-weegberg","status":"publish","type":"post","link":"https:\/\/www.ingridslaa.nl\/de\/13-und-14-september-marisja-van-weegberg\/","title":{"rendered":"13. und 14. September 2025: Marisja van Weegberg"},"content":{"rendered":"<div  class='flex_column av-1a8bie6-dd9e59439fe9f4377892e9fc7b815910 av_one_full  avia-builder-el-0  el_before_av_heading  avia-builder-el-first  first flex_column_div  '     ><\/div>\n\n<style type=\"text\/css\" data-created_by=\"avia_inline_auto\" id=\"style-css-av-mblyeci4-e6f94c1e2a88e98640cad61fd03d3d29\">\n#top .av-special-heading.av-mblyeci4-e6f94c1e2a88e98640cad61fd03d3d29{\npadding-bottom:10px;\n}\nbody .av-special-heading.av-mblyeci4-e6f94c1e2a88e98640cad61fd03d3d29 .av-special-heading-tag .heading-char{\nfont-size:25px;\n}\n.av-special-heading.av-mblyeci4-e6f94c1e2a88e98640cad61fd03d3d29 .av-subheading{\nfont-size:15px;\n}\n<\/style>\n<div  class='av-special-heading av-mblyeci4-e6f94c1e2a88e98640cad61fd03d3d29 av-special-heading-h3  avia-builder-el-1  el_after_av_one_full  el_before_av_textblock '><h3 class='av-special-heading-tag '  itemprop=\"headline\"  >Marisja van Weegberg<\/h3><div class=\"special-heading-border\"><div class=\"special-heading-inner-border\"><\/div><\/div><\/div>\n<section  class='av_textblock_section av-t1d9we-d1d1e1d9479cd3f29477874df35210d3 '   itemscope=\"itemscope\" itemtype=\"https:\/\/schema.org\/BlogPosting\" itemprop=\"blogPost\" ><div class='avia_textblock'  itemprop=\"text\" ><p><strong>Am 13. und 14. September 2025 stellte Marisja van Weegberg Federzeichnungen in der Galerie aus.<\/strong><\/p>\n<p>Zwischen Linie und Stille<\/p>\n<p>In den Werken von Marisja van Weegberg (1967) flie\u00dfen Tinte und Selbstbeobachtung zusammen. Indem sie die Kronenfeder als Verl\u00e4ngerung ihres Blicks benutzt, kehrt sie immer wieder zu sich selbst zur\u00fcck &#8211; nicht aus Eitelkeit, sondern aus der Notwendigkeit heraus. <\/p>\n<p>Die Selbstportr\u00e4ts, die dabei entstehen, sind roh, leise und manchmal r\u00fccksichtslos.<\/p>\n<p>Selbst die Stillleben sind Selbstportr\u00e4ts &#8211; Masken oder Spiegel, je nachdem, wie man sie betrachtet.<\/p>\n<p>In Linie und Fleck, im Detail und in der Leere sucht Marisja nach dem, was wahr ist. Und sie l\u00e4dt den Betrachter ein, dasselbe zu tun. <\/p>\n<p><a href=\"http:\/\/www.marisjavanweegberg.nl\" target=\"_blank\" rel=\"noopener\">www.marisjavanweegberg.nl<\/a><\/p>\n<\/div><\/section>\n\n<style type=\"text\/css\" data-created_by=\"avia_inline_auto\" id=\"style-css-av-mblyfhj5-6ba087618cb8b66f5d6e484dc7159b64\">\n#top .avia-gallery.av-mblyfhj5-6ba087618cb8b66f5d6e484dc7159b64 .avia-gallery-thumb a{\nwidth:16.6667%;\n}\n<\/style>\n<div  class='avia-gallery av-mblyfhj5-6ba087618cb8b66f5d6e484dc7159b64 avia_animate_when_visible  avia-builder-el-3  el_after_av_textblock  avia-builder-el-last  avia_lazyload avia-gallery-animate avia-gallery-1'  itemprop=\"image\" itemscope=\"itemscope\" itemtype=\"https:\/\/schema.org\/ImageObject\" ><meta itemprop=\"contentURL\" content=\"https:\/\/www.ingridslaa.nl\/de\/13-und-14-september-marisja-van-weegberg\/\"><div class='avia-gallery-thumb'><a href=\"https:\/\/www.ingridslaa.nl\/wp-content\/uploads\/2025\/06\/Marisja-6-e1749301944348.jpg\" data-rel='gallery-1' data-prev-img='https:\/\/www.ingridslaa.nl\/wp-content\/uploads\/2025\/06\/Marisja-6-495x400.jpg' class='first_thumb lightbox ' data-onclick='1' title='Marisja 6'  itemprop=\"thumbnailUrl\"  ><img decoding=\"async\" fetchpriority=\"high\" class=\"wp-image-18097 avia-img-lazy-loading-not-18097\"   src=\"https:\/\/www.ingridslaa.nl\/wp-content\/uploads\/2025\/06\/Marisja-6-e1749301944348.jpg\" width=\"725\" height=\"967\"  title='Marisja 6' alt='' \/><div class='big-prev-fake'><img decoding=\"async\" loading=\"lazy\" class=\"wp-image-18097 avia-img-lazy-loading-18097\"  width=\"495\" height=\"400\" src=\"https:\/\/www.ingridslaa.nl\/wp-content\/uploads\/2025\/06\/Marisja-6-495x400.jpg\" title='Marisja 6' alt='' \/><\/div><\/a><a href=\"https:\/\/www.ingridslaa.nl\/wp-content\/uploads\/2025\/06\/Marisja-2.jpg\" data-srcset=\"https:\/\/www.ingridslaa.nl\/wp-content\/uploads\/2025\/06\/Marisja-2.jpg 725w, https:\/\/www.ingridslaa.nl\/wp-content\/uploads\/2025\/06\/Marisja-2-223x300.jpg 223w, https:\/\/www.ingridslaa.nl\/wp-content\/uploads\/2025\/06\/Marisja-2-524x705.jpg 524w\" data-sizes=\"(max-width: 725px) 100vw, 725px\" data-rel='gallery-1' data-prev-img='https:\/\/www.ingridslaa.nl\/wp-content\/uploads\/2025\/06\/Marisja-2-495x400.jpg' class='lightbox ' data-onclick='2' title='Marisja 2'  itemprop=\"thumbnailUrl\"  ><img decoding=\"async\" fetchpriority=\"high\" class=\"wp-image-18084 avia-img-lazy-loading-not-18084\"   src=\"https:\/\/www.ingridslaa.nl\/wp-content\/uploads\/2025\/06\/Marisja-2.jpg\" width=\"725\" height=\"976\"  title='Marisja 2' alt='' srcset=\"https:\/\/www.ingridslaa.nl\/wp-content\/uploads\/2025\/06\/Marisja-2.jpg 725w, https:\/\/www.ingridslaa.nl\/wp-content\/uploads\/2025\/06\/Marisja-2-223x300.jpg 223w, https:\/\/www.ingridslaa.nl\/wp-content\/uploads\/2025\/06\/Marisja-2-524x705.jpg 524w\" sizes=\"(max-width: 725px) 100vw, 725px\" \/><div class='big-prev-fake'><img decoding=\"async\" loading=\"lazy\" class=\"wp-image-18084 avia-img-lazy-loading-18084\"  width=\"495\" height=\"400\" src=\"https:\/\/www.ingridslaa.nl\/wp-content\/uploads\/2025\/06\/Marisja-2-495x400.jpg\" title='Marisja 2' alt='' \/><\/div><\/a><a href=\"https:\/\/www.ingridslaa.nl\/wp-content\/uploads\/2025\/06\/Marisja-3.jpg\" data-srcset=\"https:\/\/www.ingridslaa.nl\/wp-content\/uploads\/2025\/06\/Marisja-3.jpg 725w, https:\/\/www.ingridslaa.nl\/wp-content\/uploads\/2025\/06\/Marisja-3-221x300.jpg 221w, https:\/\/www.ingridslaa.nl\/wp-content\/uploads\/2025\/06\/Marisja-3-520x705.jpg 520w\" data-sizes=\"(max-width: 725px) 100vw, 725px\" data-rel='gallery-1' data-prev-img='https:\/\/www.ingridslaa.nl\/wp-content\/uploads\/2025\/06\/Marisja-3-495x400.jpg' class='lightbox ' data-onclick='3' title='Marisja 3'  itemprop=\"thumbnailUrl\"  ><img decoding=\"async\" fetchpriority=\"high\" class=\"wp-image-18087 avia-img-lazy-loading-not-18087\"   src=\"https:\/\/www.ingridslaa.nl\/wp-content\/uploads\/2025\/06\/Marisja-3.jpg\" width=\"725\" height=\"982\"  title='Marisja 3' alt='' srcset=\"https:\/\/www.ingridslaa.nl\/wp-content\/uploads\/2025\/06\/Marisja-3.jpg 725w, https:\/\/www.ingridslaa.nl\/wp-content\/uploads\/2025\/06\/Marisja-3-221x300.jpg 221w, https:\/\/www.ingridslaa.nl\/wp-content\/uploads\/2025\/06\/Marisja-3-520x705.jpg 520w\" sizes=\"(max-width: 725px) 100vw, 725px\" \/><div class='big-prev-fake'><img decoding=\"async\" loading=\"lazy\" class=\"wp-image-18087 avia-img-lazy-loading-18087\"  width=\"495\" height=\"400\" src=\"https:\/\/www.ingridslaa.nl\/wp-content\/uploads\/2025\/06\/Marisja-3-495x400.jpg\" title='Marisja 3' alt='' \/><\/div><\/a><a href=\"https:\/\/www.ingridslaa.nl\/wp-content\/uploads\/2025\/06\/Marisja-4.jpg\" data-srcset=\"https:\/\/www.ingridslaa.nl\/wp-content\/uploads\/2025\/06\/Marisja-4.jpg 725w, https:\/\/www.ingridslaa.nl\/wp-content\/uploads\/2025\/06\/Marisja-4-226x300.jpg 226w, https:\/\/www.ingridslaa.nl\/wp-content\/uploads\/2025\/06\/Marisja-4-532x705.jpg 532w\" data-sizes=\"(max-width: 725px) 100vw, 725px\" data-rel='gallery-1' data-prev-img='https:\/\/www.ingridslaa.nl\/wp-content\/uploads\/2025\/06\/Marisja-4-495x400.jpg' class='lightbox ' data-onclick='4' title='Marisja 4'  itemprop=\"thumbnailUrl\"  ><img decoding=\"async\" fetchpriority=\"high\" class=\"wp-image-18090 avia-img-lazy-loading-not-18090\"   src=\"https:\/\/www.ingridslaa.nl\/wp-content\/uploads\/2025\/06\/Marisja-4.jpg\" width=\"725\" height=\"961\"  title='Marisja 4' alt='' srcset=\"https:\/\/www.ingridslaa.nl\/wp-content\/uploads\/2025\/06\/Marisja-4.jpg 725w, https:\/\/www.ingridslaa.nl\/wp-content\/uploads\/2025\/06\/Marisja-4-226x300.jpg 226w, https:\/\/www.ingridslaa.nl\/wp-content\/uploads\/2025\/06\/Marisja-4-532x705.jpg 532w\" sizes=\"(max-width: 725px) 100vw, 725px\" \/><div class='big-prev-fake'><img decoding=\"async\" loading=\"lazy\" class=\"wp-image-18090 avia-img-lazy-loading-18090\"  width=\"495\" height=\"400\" src=\"https:\/\/www.ingridslaa.nl\/wp-content\/uploads\/2025\/06\/Marisja-4-495x400.jpg\" title='Marisja 4' alt='' \/><\/div><\/a><a href=\"https:\/\/www.ingridslaa.nl\/wp-content\/uploads\/2025\/06\/Marisja-5.jpg\" data-srcset=\"https:\/\/www.ingridslaa.nl\/wp-content\/uploads\/2025\/06\/Marisja-5.jpg 725w, https:\/\/www.ingridslaa.nl\/wp-content\/uploads\/2025\/06\/Marisja-5-214x300.jpg 214w, https:\/\/www.ingridslaa.nl\/wp-content\/uploads\/2025\/06\/Marisja-5-503x705.jpg 503w\" data-sizes=\"(max-width: 725px) 100vw, 725px\" data-rel='gallery-1' data-prev-img='https:\/\/www.ingridslaa.nl\/wp-content\/uploads\/2025\/06\/Marisja-5-495x400.jpg' class='lightbox ' data-onclick='5' title='Marisja 5'  itemprop=\"thumbnailUrl\"  ><img decoding=\"async\" fetchpriority=\"high\" class=\"wp-image-18093 avia-img-lazy-loading-not-18093\"   src=\"https:\/\/www.ingridslaa.nl\/wp-content\/uploads\/2025\/06\/Marisja-5.jpg\" width=\"725\" height=\"1016\"  title='Marisja 5' alt='' srcset=\"https:\/\/www.ingridslaa.nl\/wp-content\/uploads\/2025\/06\/Marisja-5.jpg 725w, https:\/\/www.ingridslaa.nl\/wp-content\/uploads\/2025\/06\/Marisja-5-214x300.jpg 214w, https:\/\/www.ingridslaa.nl\/wp-content\/uploads\/2025\/06\/Marisja-5-503x705.jpg 503w\" sizes=\"(max-width: 725px) 100vw, 725px\" \/><div class='big-prev-fake'><img decoding=\"async\" loading=\"lazy\" class=\"wp-image-18093 avia-img-lazy-loading-18093\"  width=\"495\" height=\"400\" src=\"https:\/\/www.ingridslaa.nl\/wp-content\/uploads\/2025\/06\/Marisja-5-495x400.jpg\" title='Marisja 5' alt='' \/><\/div><\/a><\/div><\/div>\n","protected":false},"excerpt":{"rendered":"<p>Am 13. und 14. September 2025 stellte Marisja van Weegberg Federzeichnungen in der Galerie aus.<\/p>\n","protected":false},"author":3,"featured_media":18097,"comment_status":"closed","ping_status":"closed","sticky":false,"template":"","format":"standard","meta":{"inline_featured_image":false,"footnotes":""},"categories":[94],"tags":[],"class_list":["post-18101","post","type-post","status-publish","format-standard","has-post-thumbnail","hentry","category-archiv-der-gastkunstler"],"yoast_head":"<!-- This site is optimized with the Yoast SEO plugin v27.5 - https:\/\/yoast.com\/product\/yoast-seo-wordpress\/ -->\n<title>13. und 14. September 2025: Marisja van Weegberg - Ingrid Slaa<\/title>\n<meta name=\"robots\" content=\"index, follow, max-snippet:-1, max-image-preview:large, max-video-preview:-1\" \/>\n<link rel=\"canonical\" href=\"https:\/\/www.ingridslaa.nl\/de\/13-und-14-september-marisja-van-weegberg\/\" \/>\n<meta property=\"og:locale\" content=\"de_DE\" \/>\n<meta property=\"og:type\" content=\"article\" \/>\n<meta property=\"og:title\" content=\"13. und 14. September 2025: Marisja van Weegberg - Ingrid Slaa\" \/>\n<meta property=\"og:description\" content=\"Am 13. und 14. September 2025 stellte Marisja van Weegberg Federzeichnungen in der Galerie aus.\" \/>\n<meta property=\"og:url\" content=\"https:\/\/www.ingridslaa.nl\/de\/13-und-14-september-marisja-van-weegberg\/\" \/>\n<meta property=\"og:site_name\" content=\"Ingrid Slaa\" \/>\n<meta property=\"article:published_time\" content=\"2025-07-20T18:50:35+00:00\" \/>\n<meta property=\"article:modified_time\" content=\"2025-09-26T11:19:50+00:00\" \/>\n<meta property=\"og:image\" content=\"https:\/\/www.ingridslaa.nl\/wp-content\/uploads\/2025\/06\/Marisja-6-e1749301944348.jpg\" \/>\n\t<meta property=\"og:image:width\" content=\"725\" \/>\n\t<meta property=\"og:image:height\" content=\"967\" \/>\n\t<meta property=\"og:image:type\" content=\"image\/jpeg\" \/>\n<meta name=\"author\" content=\"I Slaa\" \/>\n<meta name=\"twitter:card\" content=\"summary_large_image\" \/>\n<meta name=\"twitter:label1\" content=\"Verfasst von\" \/>\n\t<meta name=\"twitter:data1\" content=\"\" \/>\n\t<meta name=\"twitter:label2\" content=\"Gesch\u00e4tzte Lesezeit\" \/>\n\t<meta name=\"twitter:data2\" content=\"4\u00a0Minuten\" \/>\n<script type=\"application\/ld+json\" class=\"yoast-schema-graph\">{\"@context\":\"https:\\\/\\\/schema.org\",\"@graph\":[{\"@type\":\"Article\",\"@id\":\"https:\\\/\\\/www.ingridslaa.nl\\\/de\\\/13-und-14-september-marisja-van-weegberg\\\/#article\",\"isPartOf\":{\"@id\":\"https:\\\/\\\/www.ingridslaa.nl\\\/de\\\/13-und-14-september-marisja-van-weegberg\\\/\"},\"author\":{\"name\":\"I Slaa\",\"@id\":\"https:\\\/\\\/www.ingridslaa.nl\\\/de\\\/#\\\/schema\\\/person\\\/3659b67200290459d0171e1aa3f5fb63\"},\"headline\":\"13. und 14. September 2025: Marisja van Weegberg\",\"datePublished\":\"2025-07-20T18:50:35+00:00\",\"dateModified\":\"2025-09-26T11:19:50+00:00\",\"mainEntityOfPage\":{\"@id\":\"https:\\\/\\\/www.ingridslaa.nl\\\/de\\\/13-und-14-september-marisja-van-weegberg\\\/\"},\"wordCount\":593,\"image\":{\"@id\":\"https:\\\/\\\/www.ingridslaa.nl\\\/de\\\/13-und-14-september-marisja-van-weegberg\\\/#primaryimage\"},\"thumbnailUrl\":\"https:\\\/\\\/www.ingridslaa.nl\\\/wp-content\\\/uploads\\\/2025\\\/06\\\/Marisja-6-e1749301944348.jpg\",\"articleSection\":[\"Archiv der Gastk\u00fcnstler\"],\"inLanguage\":\"de\"},{\"@type\":\"WebPage\",\"@id\":\"https:\\\/\\\/www.ingridslaa.nl\\\/de\\\/13-und-14-september-marisja-van-weegberg\\\/\",\"url\":\"https:\\\/\\\/www.ingridslaa.nl\\\/de\\\/13-und-14-september-marisja-van-weegberg\\\/\",\"name\":\"13. und 14. September 2025: Marisja van Weegberg - Ingrid Slaa\",\"isPartOf\":{\"@id\":\"https:\\\/\\\/www.ingridslaa.nl\\\/de\\\/#website\"},\"primaryImageOfPage\":{\"@id\":\"https:\\\/\\\/www.ingridslaa.nl\\\/de\\\/13-und-14-september-marisja-van-weegberg\\\/#primaryimage\"},\"image\":{\"@id\":\"https:\\\/\\\/www.ingridslaa.nl\\\/de\\\/13-und-14-september-marisja-van-weegberg\\\/#primaryimage\"},\"thumbnailUrl\":\"https:\\\/\\\/www.ingridslaa.nl\\\/wp-content\\\/uploads\\\/2025\\\/06\\\/Marisja-6-e1749301944348.jpg\",\"datePublished\":\"2025-07-20T18:50:35+00:00\",\"dateModified\":\"2025-09-26T11:19:50+00:00\",\"author\":{\"@id\":\"https:\\\/\\\/www.ingridslaa.nl\\\/de\\\/#\\\/schema\\\/person\\\/3659b67200290459d0171e1aa3f5fb63\"},\"breadcrumb\":{\"@id\":\"https:\\\/\\\/www.ingridslaa.nl\\\/de\\\/13-und-14-september-marisja-van-weegberg\\\/#breadcrumb\"},\"inLanguage\":\"de\",\"potentialAction\":[{\"@type\":\"ReadAction\",\"target\":[\"https:\\\/\\\/www.ingridslaa.nl\\\/de\\\/13-und-14-september-marisja-van-weegberg\\\/\"]}]},{\"@type\":\"ImageObject\",\"inLanguage\":\"de\",\"@id\":\"https:\\\/\\\/www.ingridslaa.nl\\\/de\\\/13-und-14-september-marisja-van-weegberg\\\/#primaryimage\",\"url\":\"https:\\\/\\\/www.ingridslaa.nl\\\/wp-content\\\/uploads\\\/2025\\\/06\\\/Marisja-6-e1749301944348.jpg\",\"contentUrl\":\"https:\\\/\\\/www.ingridslaa.nl\\\/wp-content\\\/uploads\\\/2025\\\/06\\\/Marisja-6-e1749301944348.jpg\",\"width\":725,\"height\":967},{\"@type\":\"BreadcrumbList\",\"@id\":\"https:\\\/\\\/www.ingridslaa.nl\\\/de\\\/13-und-14-september-marisja-van-weegberg\\\/#breadcrumb\",\"itemListElement\":[{\"@type\":\"ListItem\",\"position\":1,\"name\":\"Home\",\"item\":\"https:\\\/\\\/www.ingridslaa.nl\\\/de\\\/startseite\\\/\"},{\"@type\":\"ListItem\",\"position\":2,\"name\":\"13. und 14. September 2025: Marisja van Weegberg\"}]},{\"@type\":\"WebSite\",\"@id\":\"https:\\\/\\\/www.ingridslaa.nl\\\/de\\\/#website\",\"url\":\"https:\\\/\\\/www.ingridslaa.nl\\\/de\\\/\",\"name\":\"Ingrid Slaa\",\"description\":\"\",\"potentialAction\":[{\"@type\":\"SearchAction\",\"target\":{\"@type\":\"EntryPoint\",\"urlTemplate\":\"https:\\\/\\\/www.ingridslaa.nl\\\/de\\\/?s={search_term_string}\"},\"query-input\":{\"@type\":\"PropertyValueSpecification\",\"valueRequired\":true,\"valueName\":\"search_term_string\"}}],\"inLanguage\":\"de\"},{\"@type\":\"Person\",\"@id\":\"https:\\\/\\\/www.ingridslaa.nl\\\/de\\\/#\\\/schema\\\/person\\\/3659b67200290459d0171e1aa3f5fb63\",\"name\":\"I Slaa\",\"image\":{\"@type\":\"ImageObject\",\"inLanguage\":\"de\",\"@id\":\"https:\\\/\\\/secure.gravatar.com\\\/avatar\\\/0aba7f5926f83ff32d8a0d9922ad8e1c5d10d06c3fccea95ab0fc464d6ee14dc?s=96&d=mm&r=g\",\"url\":\"https:\\\/\\\/secure.gravatar.com\\\/avatar\\\/0aba7f5926f83ff32d8a0d9922ad8e1c5d10d06c3fccea95ab0fc464d6ee14dc?s=96&d=mm&r=g\",\"contentUrl\":\"https:\\\/\\\/secure.gravatar.com\\\/avatar\\\/0aba7f5926f83ff32d8a0d9922ad8e1c5d10d06c3fccea95ab0fc464d6ee14dc?s=96&d=mm&r=g\",\"caption\":\"I Slaa\"},\"url\":\"https:\\\/\\\/www.ingridslaa.nl\\\/de\\\/author\\\/slaaingmar_36\\\/\"}]}<\/script>\n<!-- \/ Yoast SEO plugin. -->","yoast_head_json":{"title":"13. und 14. September 2025: Marisja van Weegberg - Ingrid Slaa","robots":{"index":"index","follow":"follow","max-snippet":"max-snippet:-1","max-image-preview":"max-image-preview:large","max-video-preview":"max-video-preview:-1"},"canonical":"https:\/\/www.ingridslaa.nl\/de\/13-und-14-september-marisja-van-weegberg\/","og_locale":"de_DE","og_type":"article","og_title":"13. und 14. September 2025: Marisja van Weegberg - Ingrid Slaa","og_description":"Am 13. und 14. September 2025 stellte Marisja van Weegberg Federzeichnungen in der Galerie aus.","og_url":"https:\/\/www.ingridslaa.nl\/de\/13-und-14-september-marisja-van-weegberg\/","og_site_name":"Ingrid Slaa","article_published_time":"2025-07-20T18:50:35+00:00","article_modified_time":"2025-09-26T11:19:50+00:00","og_image":[{"width":725,"height":967,"url":"https:\/\/www.ingridslaa.nl\/wp-content\/uploads\/2025\/06\/Marisja-6-e1749301944348.jpg","type":"image\/jpeg"}],"author":"I Slaa","twitter_card":"summary_large_image","twitter_misc":{"Verfasst von":false,"Gesch\u00e4tzte Lesezeit":"4\u00a0Minuten"},"schema":{"@context":"https:\/\/schema.org","@graph":[{"@type":"Article","@id":"https:\/\/www.ingridslaa.nl\/de\/13-und-14-september-marisja-van-weegberg\/#article","isPartOf":{"@id":"https:\/\/www.ingridslaa.nl\/de\/13-und-14-september-marisja-van-weegberg\/"},"author":{"name":"I Slaa","@id":"https:\/\/www.ingridslaa.nl\/de\/#\/schema\/person\/3659b67200290459d0171e1aa3f5fb63"},"headline":"13. und 14. September 2025: Marisja van Weegberg","datePublished":"2025-07-20T18:50:35+00:00","dateModified":"2025-09-26T11:19:50+00:00","mainEntityOfPage":{"@id":"https:\/\/www.ingridslaa.nl\/de\/13-und-14-september-marisja-van-weegberg\/"},"wordCount":593,"image":{"@id":"https:\/\/www.ingridslaa.nl\/de\/13-und-14-september-marisja-van-weegberg\/#primaryimage"},"thumbnailUrl":"https:\/\/www.ingridslaa.nl\/wp-content\/uploads\/2025\/06\/Marisja-6-e1749301944348.jpg","articleSection":["Archiv der Gastk\u00fcnstler"],"inLanguage":"de"},{"@type":"WebPage","@id":"https:\/\/www.ingridslaa.nl\/de\/13-und-14-september-marisja-van-weegberg\/","url":"https:\/\/www.ingridslaa.nl\/de\/13-und-14-september-marisja-van-weegberg\/","name":"13. und 14. September 2025: Marisja van Weegberg - Ingrid Slaa","isPartOf":{"@id":"https:\/\/www.ingridslaa.nl\/de\/#website"},"primaryImageOfPage":{"@id":"https:\/\/www.ingridslaa.nl\/de\/13-und-14-september-marisja-van-weegberg\/#primaryimage"},"image":{"@id":"https:\/\/www.ingridslaa.nl\/de\/13-und-14-september-marisja-van-weegberg\/#primaryimage"},"thumbnailUrl":"https:\/\/www.ingridslaa.nl\/wp-content\/uploads\/2025\/06\/Marisja-6-e1749301944348.jpg","datePublished":"2025-07-20T18:50:35+00:00","dateModified":"2025-09-26T11:19:50+00:00","author":{"@id":"https:\/\/www.ingridslaa.nl\/de\/#\/schema\/person\/3659b67200290459d0171e1aa3f5fb63"},"breadcrumb":{"@id":"https:\/\/www.ingridslaa.nl\/de\/13-und-14-september-marisja-van-weegberg\/#breadcrumb"},"inLanguage":"de","potentialAction":[{"@type":"ReadAction","target":["https:\/\/www.ingridslaa.nl\/de\/13-und-14-september-marisja-van-weegberg\/"]}]},{"@type":"ImageObject","inLanguage":"de","@id":"https:\/\/www.ingridslaa.nl\/de\/13-und-14-september-marisja-van-weegberg\/#primaryimage","url":"https:\/\/www.ingridslaa.nl\/wp-content\/uploads\/2025\/06\/Marisja-6-e1749301944348.jpg","contentUrl":"https:\/\/www.ingridslaa.nl\/wp-content\/uploads\/2025\/06\/Marisja-6-e1749301944348.jpg","width":725,"height":967},{"@type":"BreadcrumbList","@id":"https:\/\/www.ingridslaa.nl\/de\/13-und-14-september-marisja-van-weegberg\/#breadcrumb","itemListElement":[{"@type":"ListItem","position":1,"name":"Home","item":"https:\/\/www.ingridslaa.nl\/de\/startseite\/"},{"@type":"ListItem","position":2,"name":"13. und 14. September 2025: Marisja van Weegberg"}]},{"@type":"WebSite","@id":"https:\/\/www.ingridslaa.nl\/de\/#website","url":"https:\/\/www.ingridslaa.nl\/de\/","name":"Ingrid Slaa","description":"","potentialAction":[{"@type":"SearchAction","target":{"@type":"EntryPoint","urlTemplate":"https:\/\/www.ingridslaa.nl\/de\/?s={search_term_string}"},"query-input":{"@type":"PropertyValueSpecification","valueRequired":true,"valueName":"search_term_string"}}],"inLanguage":"de"},{"@type":"Person","@id":"https:\/\/www.ingridslaa.nl\/de\/#\/schema\/person\/3659b67200290459d0171e1aa3f5fb63","name":"I Slaa","image":{"@type":"ImageObject","inLanguage":"de","@id":"https:\/\/secure.gravatar.com\/avatar\/0aba7f5926f83ff32d8a0d9922ad8e1c5d10d06c3fccea95ab0fc464d6ee14dc?s=96&d=mm&r=g","url":"https:\/\/secure.gravatar.com\/avatar\/0aba7f5926f83ff32d8a0d9922ad8e1c5d10d06c3fccea95ab0fc464d6ee14dc?s=96&d=mm&r=g","contentUrl":"https:\/\/secure.gravatar.com\/avatar\/0aba7f5926f83ff32d8a0d9922ad8e1c5d10d06c3fccea95ab0fc464d6ee14dc?s=96&d=mm&r=g","caption":"I Slaa"},"url":"https:\/\/www.ingridslaa.nl\/de\/author\/slaaingmar_36\/"}]}},"_links":{"self":[{"href":"https:\/\/www.ingridslaa.nl\/de\/wp-json\/wp\/v2\/posts\/18101","targetHints":{"allow":["GET"]}}],"collection":[{"href":"https:\/\/www.ingridslaa.nl\/de\/wp-json\/wp\/v2\/posts"}],"about":[{"href":"https:\/\/www.ingridslaa.nl\/de\/wp-json\/wp\/v2\/types\/post"}],"author":[{"embeddable":true,"href":"https:\/\/www.ingridslaa.nl\/de\/wp-json\/wp\/v2\/users\/3"}],"replies":[{"embeddable":true,"href":"https:\/\/www.ingridslaa.nl\/de\/wp-json\/wp\/v2\/comments?post=18101"}],"version-history":[{"count":16,"href":"https:\/\/www.ingridslaa.nl\/de\/wp-json\/wp\/v2\/posts\/18101\/revisions"}],"predecessor-version":[{"id":19546,"href":"https:\/\/www.ingridslaa.nl\/de\/wp-json\/wp\/v2\/posts\/18101\/revisions\/19546"}],"wp:featuredmedia":[{"embeddable":true,"href":"https:\/\/www.ingridslaa.nl\/de\/wp-json\/wp\/v2\/media\/18097"}],"wp:attachment":[{"href":"https:\/\/www.ingridslaa.nl\/de\/wp-json\/wp\/v2\/media?parent=18101"}],"wp:term":[{"taxonomy":"category","embeddable":true,"href":"https:\/\/www.ingridslaa.nl\/de\/wp-json\/wp\/v2\/categories?post=18101"},{"taxonomy":"post_tag","embeddable":true,"href":"https:\/\/www.ingridslaa.nl\/de\/wp-json\/wp\/v2\/tags?post=18101"}],"curies":[{"name":"wp","href":"https:\/\/api.w.org\/{rel}","templated":true}]}}