{"id":18228,"date":"2025-07-03T15:00:31","date_gmt":"2025-07-03T13:00:31","guid":{"rendered":"https:\/\/www.ingridslaa.nl\/wringing\/"},"modified":"2025-09-26T13:25:17","modified_gmt":"2025-09-26T11:25:17","slug":"wringing","status":"publish","type":"post","link":"https:\/\/www.ingridslaa.nl\/de\/wringing\/","title":{"rendered":"8 Aug bis 21 Sept: &#8218;t Wringt, Koppelkerk, Bredevoort"},"content":{"rendered":"<div  class='flex_column av-2n9nwax-47b9e0cd0f85e2842ef731f6446740d8 av_one_full  avia-builder-el-0  el_before_av_one_third  avia-builder-el-first  first flex_column_div  '     ><\/div>\n<div  class='flex_column av-1yt82x5-4acd6e7f74d996704fea09dc1b84027f av_one_third  avia-builder-el-1  el_after_av_one_full  el_before_av_one_third  first flex_column_div  column-top-margin'     ><\/div>\n<div  class='flex_column av-ko4qx-6ddd4d5e34e14e79de9356d217ab7b50 av_one_third  avia-builder-el-2  el_after_av_one_third  el_before_av_one_third  flex_column_div  column-top-margin'     ><style type=\"text\/css\" data-created_by=\"avia_inline_auto\" id=\"style-css-av-mcne01kf-9839b9532b75dea069893eab2fc466a4\">\n#top .avia-gallery.av-mcne01kf-9839b9532b75dea069893eab2fc466a4 .avia-gallery-thumb a{\nwidth:100%;\n}\n<\/style>\n<div  class='avia-gallery av-mcne01kf-9839b9532b75dea069893eab2fc466a4 avia_animate_when_visible  avia-builder-el-3  avia-builder-el-no-sibling  avia_lazyload avia-gallery-animate avia-gallery-1'  itemprop=\"image\" itemscope=\"itemscope\" itemtype=\"https:\/\/schema.org\/ImageObject\" ><meta itemprop=\"contentURL\" content=\"https:\/\/www.ingridslaa.nl\/de\/wringing\/\"><div class='avia-gallery-thumb'><a href=\"https:\/\/www.ingridslaa.nl\/wp-content\/uploads\/2025\/07\/t-wringt.jpg\" data-srcset=\"https:\/\/www.ingridslaa.nl\/wp-content\/uploads\/2025\/07\/t-wringt.jpg 725w, https:\/\/www.ingridslaa.nl\/wp-content\/uploads\/2025\/07\/t-wringt-213x300.jpg 213w, https:\/\/www.ingridslaa.nl\/wp-content\/uploads\/2025\/07\/t-wringt-502x705.jpg 502w\" data-sizes=\"(max-width: 725px) 100vw, 725px\" data-rel='gallery-1' data-prev-img='https:\/\/www.ingridslaa.nl\/wp-content\/uploads\/2025\/07\/t-wringt-495x400.jpg' class='first_thumb lightbox ' data-onclick='1' title='t-wringt'  itemprop=\"thumbnailUrl\"  ><img decoding=\"async\" fetchpriority=\"high\" class=\"wp-image-18220 avia-img-lazy-loading-not-18220\"   src=\"https:\/\/www.ingridslaa.nl\/wp-content\/uploads\/2025\/07\/t-wringt.jpg\" width=\"725\" height=\"1019\"  title='t-wringt' alt='' srcset=\"https:\/\/www.ingridslaa.nl\/wp-content\/uploads\/2025\/07\/t-wringt.jpg 725w, https:\/\/www.ingridslaa.nl\/wp-content\/uploads\/2025\/07\/t-wringt-213x300.jpg 213w, https:\/\/www.ingridslaa.nl\/wp-content\/uploads\/2025\/07\/t-wringt-502x705.jpg 502w\" sizes=\"(max-width: 725px) 100vw, 725px\" \/><div class='big-prev-fake'><img decoding=\"async\" loading=\"lazy\" class=\"wp-image-18220 avia-img-lazy-loading-18220\"  width=\"495\" height=\"400\" src=\"https:\/\/www.ingridslaa.nl\/wp-content\/uploads\/2025\/07\/t-wringt-495x400.jpg\" title='t-wringt' alt='' \/><\/div><\/a><\/div><\/div><\/div><div  class='flex_column av-zrkew9-5e41a32d22b74eff19da8d9aa901b398 av_one_third  avia-builder-el-4  el_after_av_one_third  el_before_av_one_full  flex_column_div  column-top-margin'     ><\/div><\/p>\n<div  class='flex_column av-jbl43t-686f4d0d0d922fded8efa58b131467cf av_one_full  avia-builder-el-5  el_after_av_one_third  el_before_av_textblock  first flex_column_div  column-top-margin'     ><\/div>\n<section  class='av_textblock_section av-mcne33m8-3720a563d108c137fb7b689a07271d54 '   itemscope=\"itemscope\" itemtype=\"https:\/\/schema.org\/BlogPosting\" itemprop=\"blogPost\" ><div class='avia_textblock'  itemprop=\"text\" ><p style=\"text-align: center;\">Vom 8. August bis zum 21. September stelle ich zusammen mit Nelleke Ponsteen als Mitglied des Kunstkollektivs Breekijzer im obersten Stockwerk der Koppelkerk in Bredevoort aus.<\/p>\n<p style=\"text-align: center;\">Nelleke zeichnet mit Bleistift, Kohle und Pastell auf Papier, sowohl in gro\u00dfen als auch in kleinen Formaten. Sie benutzt sich selbst als Modell f\u00fcr ihre Zeichnungen.<br \/>\nIngrid macht r\u00e4umliche Arbeiten und fertigt Abdr\u00fccke von ihrem(n) K\u00f6rper(n) an, die sie als autonome Arbeiten oder in einer Installation verwendet.<\/p>\n<p style=\"text-align: center;\">Die Arbeiten beider K\u00fcnstler ringen, reiben sich aber auch aneinander in einer Sprache, die sie beide verstehen, der Sprache des K\u00f6rpers.<br \/>\nDer K\u00f6rper mit seinen weichen und runden Formen, streichelbar, weich und zug\u00e4nglich. Aber auch in seiner Widerstandsf\u00e4higkeit mit H\u00e4nden wie F\u00e4usten und Krallen&#8230;.<br \/>\nDiese K\u00f6rpersprache, die von einer inneren Welt erz\u00e4hlt, die manchmal gefangen und verschlossen ist, manchmal gestreckt oder verbogen und nach einem Ausweg sucht.<br \/>\nEine Geschichte \u00fcber Unterdr\u00fcckung und Unfreiheit. Aber auch \u00fcber St\u00e4rke und Sch\u00f6nheit, die sich in der verletzlichen Pr\u00e4senz des K\u00f6rpers zeigt.  <\/p>\n<p style=\"text-align: center;\">Adresse:<br \/>\nKoppelstraat 35<br \/>\nBredevoort<\/p>\n<p style=\"text-align: center;\">\n<\/div><\/section>\n","protected":false},"excerpt":{"rendered":"","protected":false},"author":3,"featured_media":18223,"comment_status":"closed","ping_status":"closed","sticky":false,"template":"","format":"standard","meta":{"inline_featured_image":false,"footnotes":""},"categories":[88],"tags":[],"class_list":["post-18228","post","type-post","status-publish","format-standard","has-post-thumbnail","hentry","category-archiv-der-ausstellungen"],"yoast_head":"<!-- This site is optimized with the Yoast SEO plugin v27.5 - https:\/\/yoast.com\/product\/yoast-seo-wordpress\/ -->\n<title>8 Aug bis 21 Sept: &#039;t Wringt, Koppelkerk, Bredevoort - Ingrid Slaa<\/title>\n<meta name=\"robots\" content=\"index, follow, max-snippet:-1, max-image-preview:large, max-video-preview:-1\" \/>\n<link rel=\"canonical\" href=\"https:\/\/www.ingridslaa.nl\/de\/wringing\/\" \/>\n<meta property=\"og:locale\" content=\"de_DE\" \/>\n<meta property=\"og:type\" content=\"article\" \/>\n<meta property=\"og:title\" content=\"8 Aug bis 21 Sept: &#039;t Wringt, Koppelkerk, Bredevoort - Ingrid Slaa\" \/>\n<meta property=\"og:url\" content=\"https:\/\/www.ingridslaa.nl\/de\/wringing\/\" \/>\n<meta property=\"og:site_name\" content=\"Ingrid Slaa\" \/>\n<meta property=\"article:published_time\" content=\"2025-07-03T13:00:31+00:00\" \/>\n<meta property=\"article:modified_time\" content=\"2025-09-26T11:25:17+00:00\" \/>\n<meta property=\"og:image\" content=\"https:\/\/www.ingridslaa.nl\/wp-content\/uploads\/2025\/07\/t-wringt-2.jpg\" \/>\n\t<meta property=\"og:image:width\" content=\"725\" \/>\n\t<meta property=\"og:image:height\" content=\"725\" \/>\n\t<meta property=\"og:image:type\" content=\"image\/jpeg\" \/>\n<meta name=\"author\" content=\"I Slaa\" \/>\n<meta name=\"twitter:card\" content=\"summary_large_image\" \/>\n<meta name=\"twitter:label1\" content=\"Verfasst von\" \/>\n\t<meta name=\"twitter:data1\" content=\"\" \/>\n\t<meta name=\"twitter:label2\" content=\"Gesch\u00e4tzte Lesezeit\" \/>\n\t<meta name=\"twitter:data2\" content=\"2\u00a0Minuten\" \/>\n<script type=\"application\/ld+json\" class=\"yoast-schema-graph\">{\"@context\":\"https:\\\/\\\/schema.org\",\"@graph\":[{\"@type\":\"Article\",\"@id\":\"https:\\\/\\\/www.ingridslaa.nl\\\/de\\\/wringing\\\/#article\",\"isPartOf\":{\"@id\":\"https:\\\/\\\/www.ingridslaa.nl\\\/de\\\/wringing\\\/\"},\"author\":{\"name\":\"I Slaa\",\"@id\":\"https:\\\/\\\/www.ingridslaa.nl\\\/de\\\/#\\\/schema\\\/person\\\/3659b67200290459d0171e1aa3f5fb63\"},\"headline\":\"8 Aug bis 21 Sept: &#8218;t Wringt, Koppelkerk, Bredevoort\",\"datePublished\":\"2025-07-03T13:00:31+00:00\",\"dateModified\":\"2025-09-26T11:25:17+00:00\",\"mainEntityOfPage\":{\"@id\":\"https:\\\/\\\/www.ingridslaa.nl\\\/de\\\/wringing\\\/\"},\"wordCount\":1952,\"image\":{\"@id\":\"https:\\\/\\\/www.ingridslaa.nl\\\/de\\\/wringing\\\/#primaryimage\"},\"thumbnailUrl\":\"https:\\\/\\\/www.ingridslaa.nl\\\/wp-content\\\/uploads\\\/2025\\\/07\\\/t-wringt-2.jpg\",\"articleSection\":[\"Archiv der Ausstellungen\"],\"inLanguage\":\"de\"},{\"@type\":\"WebPage\",\"@id\":\"https:\\\/\\\/www.ingridslaa.nl\\\/de\\\/wringing\\\/\",\"url\":\"https:\\\/\\\/www.ingridslaa.nl\\\/de\\\/wringing\\\/\",\"name\":\"8 Aug bis 21 Sept: 't Wringt, Koppelkerk, Bredevoort - Ingrid Slaa\",\"isPartOf\":{\"@id\":\"https:\\\/\\\/www.ingridslaa.nl\\\/de\\\/#website\"},\"primaryImageOfPage\":{\"@id\":\"https:\\\/\\\/www.ingridslaa.nl\\\/de\\\/wringing\\\/#primaryimage\"},\"image\":{\"@id\":\"https:\\\/\\\/www.ingridslaa.nl\\\/de\\\/wringing\\\/#primaryimage\"},\"thumbnailUrl\":\"https:\\\/\\\/www.ingridslaa.nl\\\/wp-content\\\/uploads\\\/2025\\\/07\\\/t-wringt-2.jpg\",\"datePublished\":\"2025-07-03T13:00:31+00:00\",\"dateModified\":\"2025-09-26T11:25:17+00:00\",\"author\":{\"@id\":\"https:\\\/\\\/www.ingridslaa.nl\\\/de\\\/#\\\/schema\\\/person\\\/3659b67200290459d0171e1aa3f5fb63\"},\"breadcrumb\":{\"@id\":\"https:\\\/\\\/www.ingridslaa.nl\\\/de\\\/wringing\\\/#breadcrumb\"},\"inLanguage\":\"de\",\"potentialAction\":[{\"@type\":\"ReadAction\",\"target\":[\"https:\\\/\\\/www.ingridslaa.nl\\\/de\\\/wringing\\\/\"]}]},{\"@type\":\"ImageObject\",\"inLanguage\":\"de\",\"@id\":\"https:\\\/\\\/www.ingridslaa.nl\\\/de\\\/wringing\\\/#primaryimage\",\"url\":\"https:\\\/\\\/www.ingridslaa.nl\\\/wp-content\\\/uploads\\\/2025\\\/07\\\/t-wringt-2.jpg\",\"contentUrl\":\"https:\\\/\\\/www.ingridslaa.nl\\\/wp-content\\\/uploads\\\/2025\\\/07\\\/t-wringt-2.jpg\",\"width\":725,\"height\":725},{\"@type\":\"BreadcrumbList\",\"@id\":\"https:\\\/\\\/www.ingridslaa.nl\\\/de\\\/wringing\\\/#breadcrumb\",\"itemListElement\":[{\"@type\":\"ListItem\",\"position\":1,\"name\":\"Home\",\"item\":\"https:\\\/\\\/www.ingridslaa.nl\\\/de\\\/startseite\\\/\"},{\"@type\":\"ListItem\",\"position\":2,\"name\":\"8 Aug bis 21 Sept: &#8217;t Wringt, Koppelkerk, Bredevoort\"}]},{\"@type\":\"WebSite\",\"@id\":\"https:\\\/\\\/www.ingridslaa.nl\\\/de\\\/#website\",\"url\":\"https:\\\/\\\/www.ingridslaa.nl\\\/de\\\/\",\"name\":\"Ingrid Slaa\",\"description\":\"\",\"potentialAction\":[{\"@type\":\"SearchAction\",\"target\":{\"@type\":\"EntryPoint\",\"urlTemplate\":\"https:\\\/\\\/www.ingridslaa.nl\\\/de\\\/?s={search_term_string}\"},\"query-input\":{\"@type\":\"PropertyValueSpecification\",\"valueRequired\":true,\"valueName\":\"search_term_string\"}}],\"inLanguage\":\"de\"},{\"@type\":\"Person\",\"@id\":\"https:\\\/\\\/www.ingridslaa.nl\\\/de\\\/#\\\/schema\\\/person\\\/3659b67200290459d0171e1aa3f5fb63\",\"name\":\"I Slaa\",\"image\":{\"@type\":\"ImageObject\",\"inLanguage\":\"de\",\"@id\":\"https:\\\/\\\/secure.gravatar.com\\\/avatar\\\/0aba7f5926f83ff32d8a0d9922ad8e1c5d10d06c3fccea95ab0fc464d6ee14dc?s=96&d=mm&r=g\",\"url\":\"https:\\\/\\\/secure.gravatar.com\\\/avatar\\\/0aba7f5926f83ff32d8a0d9922ad8e1c5d10d06c3fccea95ab0fc464d6ee14dc?s=96&d=mm&r=g\",\"contentUrl\":\"https:\\\/\\\/secure.gravatar.com\\\/avatar\\\/0aba7f5926f83ff32d8a0d9922ad8e1c5d10d06c3fccea95ab0fc464d6ee14dc?s=96&d=mm&r=g\",\"caption\":\"I Slaa\"},\"url\":\"https:\\\/\\\/www.ingridslaa.nl\\\/de\\\/author\\\/slaaingmar_36\\\/\"}]}<\/script>\n<!-- \/ Yoast SEO plugin. -->","yoast_head_json":{"title":"8 Aug bis 21 Sept: 't Wringt, Koppelkerk, Bredevoort - Ingrid Slaa","robots":{"index":"index","follow":"follow","max-snippet":"max-snippet:-1","max-image-preview":"max-image-preview:large","max-video-preview":"max-video-preview:-1"},"canonical":"https:\/\/www.ingridslaa.nl\/de\/wringing\/","og_locale":"de_DE","og_type":"article","og_title":"8 Aug bis 21 Sept: 't Wringt, Koppelkerk, Bredevoort - Ingrid Slaa","og_url":"https:\/\/www.ingridslaa.nl\/de\/wringing\/","og_site_name":"Ingrid Slaa","article_published_time":"2025-07-03T13:00:31+00:00","article_modified_time":"2025-09-26T11:25:17+00:00","og_image":[{"width":725,"height":725,"url":"https:\/\/www.ingridslaa.nl\/wp-content\/uploads\/2025\/07\/t-wringt-2.jpg","type":"image\/jpeg"}],"author":"I Slaa","twitter_card":"summary_large_image","twitter_misc":{"Verfasst von":false,"Gesch\u00e4tzte Lesezeit":"2\u00a0Minuten"},"schema":{"@context":"https:\/\/schema.org","@graph":[{"@type":"Article","@id":"https:\/\/www.ingridslaa.nl\/de\/wringing\/#article","isPartOf":{"@id":"https:\/\/www.ingridslaa.nl\/de\/wringing\/"},"author":{"name":"I Slaa","@id":"https:\/\/www.ingridslaa.nl\/de\/#\/schema\/person\/3659b67200290459d0171e1aa3f5fb63"},"headline":"8 Aug bis 21 Sept: &#8218;t Wringt, Koppelkerk, Bredevoort","datePublished":"2025-07-03T13:00:31+00:00","dateModified":"2025-09-26T11:25:17+00:00","mainEntityOfPage":{"@id":"https:\/\/www.ingridslaa.nl\/de\/wringing\/"},"wordCount":1952,"image":{"@id":"https:\/\/www.ingridslaa.nl\/de\/wringing\/#primaryimage"},"thumbnailUrl":"https:\/\/www.ingridslaa.nl\/wp-content\/uploads\/2025\/07\/t-wringt-2.jpg","articleSection":["Archiv der Ausstellungen"],"inLanguage":"de"},{"@type":"WebPage","@id":"https:\/\/www.ingridslaa.nl\/de\/wringing\/","url":"https:\/\/www.ingridslaa.nl\/de\/wringing\/","name":"8 Aug bis 21 Sept: 't Wringt, Koppelkerk, Bredevoort - Ingrid Slaa","isPartOf":{"@id":"https:\/\/www.ingridslaa.nl\/de\/#website"},"primaryImageOfPage":{"@id":"https:\/\/www.ingridslaa.nl\/de\/wringing\/#primaryimage"},"image":{"@id":"https:\/\/www.ingridslaa.nl\/de\/wringing\/#primaryimage"},"thumbnailUrl":"https:\/\/www.ingridslaa.nl\/wp-content\/uploads\/2025\/07\/t-wringt-2.jpg","datePublished":"2025-07-03T13:00:31+00:00","dateModified":"2025-09-26T11:25:17+00:00","author":{"@id":"https:\/\/www.ingridslaa.nl\/de\/#\/schema\/person\/3659b67200290459d0171e1aa3f5fb63"},"breadcrumb":{"@id":"https:\/\/www.ingridslaa.nl\/de\/wringing\/#breadcrumb"},"inLanguage":"de","potentialAction":[{"@type":"ReadAction","target":["https:\/\/www.ingridslaa.nl\/de\/wringing\/"]}]},{"@type":"ImageObject","inLanguage":"de","@id":"https:\/\/www.ingridslaa.nl\/de\/wringing\/#primaryimage","url":"https:\/\/www.ingridslaa.nl\/wp-content\/uploads\/2025\/07\/t-wringt-2.jpg","contentUrl":"https:\/\/www.ingridslaa.nl\/wp-content\/uploads\/2025\/07\/t-wringt-2.jpg","width":725,"height":725},{"@type":"BreadcrumbList","@id":"https:\/\/www.ingridslaa.nl\/de\/wringing\/#breadcrumb","itemListElement":[{"@type":"ListItem","position":1,"name":"Home","item":"https:\/\/www.ingridslaa.nl\/de\/startseite\/"},{"@type":"ListItem","position":2,"name":"8 Aug bis 21 Sept: &#8217;t Wringt, Koppelkerk, Bredevoort"}]},{"@type":"WebSite","@id":"https:\/\/www.ingridslaa.nl\/de\/#website","url":"https:\/\/www.ingridslaa.nl\/de\/","name":"Ingrid Slaa","description":"","potentialAction":[{"@type":"SearchAction","target":{"@type":"EntryPoint","urlTemplate":"https:\/\/www.ingridslaa.nl\/de\/?s={search_term_string}"},"query-input":{"@type":"PropertyValueSpecification","valueRequired":true,"valueName":"search_term_string"}}],"inLanguage":"de"},{"@type":"Person","@id":"https:\/\/www.ingridslaa.nl\/de\/#\/schema\/person\/3659b67200290459d0171e1aa3f5fb63","name":"I Slaa","image":{"@type":"ImageObject","inLanguage":"de","@id":"https:\/\/secure.gravatar.com\/avatar\/0aba7f5926f83ff32d8a0d9922ad8e1c5d10d06c3fccea95ab0fc464d6ee14dc?s=96&d=mm&r=g","url":"https:\/\/secure.gravatar.com\/avatar\/0aba7f5926f83ff32d8a0d9922ad8e1c5d10d06c3fccea95ab0fc464d6ee14dc?s=96&d=mm&r=g","contentUrl":"https:\/\/secure.gravatar.com\/avatar\/0aba7f5926f83ff32d8a0d9922ad8e1c5d10d06c3fccea95ab0fc464d6ee14dc?s=96&d=mm&r=g","caption":"I Slaa"},"url":"https:\/\/www.ingridslaa.nl\/de\/author\/slaaingmar_36\/"}]}},"_links":{"self":[{"href":"https:\/\/www.ingridslaa.nl\/de\/wp-json\/wp\/v2\/posts\/18228","targetHints":{"allow":["GET"]}}],"collection":[{"href":"https:\/\/www.ingridslaa.nl\/de\/wp-json\/wp\/v2\/posts"}],"about":[{"href":"https:\/\/www.ingridslaa.nl\/de\/wp-json\/wp\/v2\/types\/post"}],"author":[{"embeddable":true,"href":"https:\/\/www.ingridslaa.nl\/de\/wp-json\/wp\/v2\/users\/3"}],"replies":[{"embeddable":true,"href":"https:\/\/www.ingridslaa.nl\/de\/wp-json\/wp\/v2\/comments?post=18228"}],"version-history":[{"count":18,"href":"https:\/\/www.ingridslaa.nl\/de\/wp-json\/wp\/v2\/posts\/18228\/revisions"}],"predecessor-version":[{"id":19574,"href":"https:\/\/www.ingridslaa.nl\/de\/wp-json\/wp\/v2\/posts\/18228\/revisions\/19574"}],"wp:featuredmedia":[{"embeddable":true,"href":"https:\/\/www.ingridslaa.nl\/de\/wp-json\/wp\/v2\/media\/18223"}],"wp:attachment":[{"href":"https:\/\/www.ingridslaa.nl\/de\/wp-json\/wp\/v2\/media?parent=18228"}],"wp:term":[{"taxonomy":"category","embeddable":true,"href":"https:\/\/www.ingridslaa.nl\/de\/wp-json\/wp\/v2\/categories?post=18228"},{"taxonomy":"post_tag","embeddable":true,"href":"https:\/\/www.ingridslaa.nl\/de\/wp-json\/wp\/v2\/tags?post=18228"}],"curies":[{"name":"wp","href":"https:\/\/api.w.org\/{rel}","templated":true}]}}