{"id":18414,"date":"2025-07-20T20:55:50","date_gmt":"2025-07-20T18:55:50","guid":{"rendered":"https:\/\/www.ingridslaa.nl\/11-und-12-oktober-willy-schut\/"},"modified":"2025-11-10T13:42:34","modified_gmt":"2025-11-10T11:42:34","slug":"11-und-12-oktober-willy-schut","status":"publish","type":"post","link":"https:\/\/www.ingridslaa.nl\/de\/11-und-12-oktober-willy-schut\/","title":{"rendered":"11. und 12. Oktober 2025: Willy Schut"},"content":{"rendered":"<div  class='flex_column av-kn1d5m-5a1be0679cd4ed45f300dacfc589fb1f av_one_full  avia-builder-el-0  el_before_av_heading  avia-builder-el-first  first flex_column_div  '     ><\/div>\n\n<style type=\"text\/css\" data-created_by=\"avia_inline_auto\" id=\"style-css-av-mcxgjwqa-e40a3db599f7ba7767b81ee507c12ffa\">\n#top .av-special-heading.av-mcxgjwqa-e40a3db599f7ba7767b81ee507c12ffa{\npadding-bottom:10px;\n}\nbody .av-special-heading.av-mcxgjwqa-e40a3db599f7ba7767b81ee507c12ffa .av-special-heading-tag .heading-char{\nfont-size:25px;\n}\n.av-special-heading.av-mcxgjwqa-e40a3db599f7ba7767b81ee507c12ffa .av-subheading{\nfont-size:15px;\n}\n<\/style>\n<div  class='av-special-heading av-mcxgjwqa-e40a3db599f7ba7767b81ee507c12ffa av-special-heading-h3  avia-builder-el-1  el_after_av_one_full  el_before_av_textblock '><h3 class='av-special-heading-tag '  itemprop=\"headline\"  >Willy Schut<\/h3><div class=\"special-heading-border\"><div class=\"special-heading-inner-border\"><\/div><\/div><\/div>\n<section  class='av_textblock_section av-mcxgpe2b-a148e72521395a339fe1aebd3d3a06dc '   itemscope=\"itemscope\" itemtype=\"https:\/\/schema.org\/BlogPosting\" itemprop=\"blogPost\" ><div class='avia_textblock'  itemprop=\"text\" ><p><strong>Am 11. und 12. Oktober 2025 stellte Willy Schut in der Galerie Textilkunst aus.<\/strong><\/p>\n<p>Willy Schut stellte im Februar 2023 in der Galerie aus. Weil sie gute Erinnerungen daran hat, hat sie darum gebeten, mit neuen Arbeiten wiederzukommen. Das gef\u00e4llt mir sehr gut. Es ist also das erste Mal, dass jemand zum zweiten Mal hier ausstellt.  <\/p>\n<p>So wie ein Zeichner mit einem Bleistift zeichnet, &#8218;zeichnet&#8216; Willy mit Nadel und Faden.<\/p>\n<p>Ihre Arbeitsmethode ist eine Kombination aus Malen, Applizieren und freier Maschinen- oder Handstickerei.<\/p>\n<p>Die Materialien, die sie auftr\u00e4gt und miteinander verbindet, bilden die Haut f\u00fcr ein neues Werk. Frei und intuitiv stickt sie darauf, von Hand und\/oder mit der N\u00e4hmaschine. Manchmal entstehen Gem\u00e4lde, manchmal r\u00e4umliche Objekte.   Willy verwendet Stoff, Garn, Farbe und alles andere, was das Bild besser macht. Das kann altes und weggeworfenes Material sein, aber auch sch\u00f6ne St\u00fccke aus Holz, Zeitungspapier, Gips oder Plastik.<\/p>\n<p>Willy Schut hat eine reiche Geschichte in der Textilkunst.<\/p>\n<p>Sie besuchte verschiedene Workshops und Meisterklassen und zwei Kunstkurse. Einen Teilzeitkurs an der Nieuwe Academie in Utrecht und, bis 2019, f\u00fcnf sch\u00f6ne Jahre bei Upgraders in Art, einem kurzen Teilzeitkurs f\u00fcr h\u00f6here visuelle Berufe. Diese Kurse, Workshops und Meisterklassen trugen zur Vertiefung ihrer Arbeit bei und st\u00e4rkten ihre F\u00e4higkeit zur Komposition.  <\/p>\n<p>Sie hat regelm\u00e4\u00dfig Gruppen- und Einzelausstellungen, sowohl mit der Galerie Absolutely als auch mit der Gruppe Windforce 10.<\/p>\n<p>Sie arbeitet von ihrem Heimstudio aus.<\/p>\n<p><a href=\"http:\/\/www.willyschut.exto.nl\">www.willyschut.exto.nl<\/a><\/p>\n<\/div><\/section>\n\n<style type=\"text\/css\" data-created_by=\"avia_inline_auto\" id=\"style-css-av-mcxgt5oy-16a60ace70e07f10736538ca8102647a\">\n#top .avia-gallery.av-mcxgt5oy-16a60ace70e07f10736538ca8102647a .avia-gallery-thumb a{\nwidth:16.6667%;\n}\n<\/style>\n<div  class='avia-gallery av-mcxgt5oy-16a60ace70e07f10736538ca8102647a avia_animate_when_visible  avia-builder-el-3  el_after_av_textblock  avia-builder-el-last  avia_lazyload avia-gallery-animate avia-gallery-1'  itemprop=\"image\" itemscope=\"itemscope\" itemtype=\"https:\/\/schema.org\/ImageObject\" ><meta itemprop=\"contentURL\" content=\"https:\/\/www.ingridslaa.nl\/de\/11-und-12-oktober-willy-schut\/\"><div class='avia-gallery-thumb'><a href=\"https:\/\/www.ingridslaa.nl\/wp-content\/uploads\/2025\/05\/Willy-Schut-e1752481048332.jpg\" data-rel='gallery-1' data-prev-img='https:\/\/www.ingridslaa.nl\/wp-content\/uploads\/2025\/05\/Willy-Schut-495x400.jpg' class='first_thumb lightbox ' data-onclick='1' title='Willy Schut'  itemprop=\"thumbnailUrl\"  ><img decoding=\"async\" fetchpriority=\"high\" class=\"wp-image-18466 avia-img-lazy-loading-not-18466\"   src=\"https:\/\/www.ingridslaa.nl\/wp-content\/uploads\/2025\/05\/Willy-Schut-e1752481048332.jpg\" width=\"725\" height=\"809\"  title='Willy Schut' alt='' \/><div class='big-prev-fake'><img decoding=\"async\" loading=\"lazy\" class=\"wp-image-18466 avia-img-lazy-loading-18466\"  width=\"495\" height=\"400\" src=\"https:\/\/www.ingridslaa.nl\/wp-content\/uploads\/2025\/05\/Willy-Schut-495x400.jpg\" title='Willy Schut' alt='' \/><\/div><\/a><a href=\"https:\/\/www.ingridslaa.nl\/wp-content\/uploads\/2025\/07\/Het-gesprek-78-x-98-cm.jpg\" data-srcset=\"https:\/\/www.ingridslaa.nl\/wp-content\/uploads\/2025\/07\/Het-gesprek-78-x-98-cm.jpg 248w, https:\/\/www.ingridslaa.nl\/wp-content\/uploads\/2025\/07\/Het-gesprek-78-x-98-cm-238x300.jpg 238w\" data-sizes=\"(max-width: 248px) 100vw, 248px\" data-rel='gallery-1' data-prev-img='https:\/\/www.ingridslaa.nl\/wp-content\/uploads\/2025\/07\/Het-gesprek-78-x-98-cm.jpg' class='lightbox ' data-onclick='2' title='Het gesprek, 78 x 97 cm'  itemprop=\"thumbnailUrl\"  ><img decoding=\"async\" fetchpriority=\"high\" class=\"wp-image-18397 avia-img-lazy-loading-not-18397\"  data-avia-tooltip='Het gesprek, 78 x 97 cm' src=\"https:\/\/www.ingridslaa.nl\/wp-content\/uploads\/2025\/07\/Het-gesprek-78-x-98-cm.jpg\" width=\"248\" height=\"312\"  title='Das Gespr\u00e4ch, 78 x 98 cm' alt='' srcset=\"https:\/\/www.ingridslaa.nl\/wp-content\/uploads\/2025\/07\/Het-gesprek-78-x-98-cm.jpg 248w, https:\/\/www.ingridslaa.nl\/wp-content\/uploads\/2025\/07\/Het-gesprek-78-x-98-cm-238x300.jpg 238w\" sizes=\"(max-width: 248px) 100vw, 248px\" \/><div class='big-prev-fake'><img decoding=\"async\" loading=\"lazy\" class=\"wp-image-18397 avia-img-lazy-loading-18397\"  width=\"248\" height=\"312\" src=\"https:\/\/www.ingridslaa.nl\/wp-content\/uploads\/2025\/07\/Het-gesprek-78-x-98-cm.jpg\" title='Das Gespr\u00e4ch, 78 x 98 cm' alt='' srcset=\"https:\/\/www.ingridslaa.nl\/wp-content\/uploads\/2025\/07\/Het-gesprek-78-x-98-cm.jpg 248w, https:\/\/www.ingridslaa.nl\/wp-content\/uploads\/2025\/07\/Het-gesprek-78-x-98-cm-238x300.jpg 238w\" sizes=\"auto, (max-width: 248px) 100vw, 248px\" \/><\/div><\/a><a href=\"https:\/\/www.ingridslaa.nl\/wp-content\/uploads\/2025\/07\/Kruis-vogel-100-x-25-x-30-cm.jpg\" data-srcset=\"https:\/\/www.ingridslaa.nl\/wp-content\/uploads\/2025\/07\/Kruis-vogel-100-x-25-x-30-cm.jpg 506w, https:\/\/www.ingridslaa.nl\/wp-content\/uploads\/2025\/07\/Kruis-vogel-100-x-25-x-30-cm-300x188.jpg 300w\" data-sizes=\"(max-width: 506px) 100vw, 506px\" data-rel='gallery-1' data-prev-img='https:\/\/www.ingridslaa.nl\/wp-content\/uploads\/2025\/07\/Kruis-vogel-100-x-25-x-30-cm-495x317.jpg' class='lightbox ' data-onclick='3' title='Kreuzvogel, 100 x 25 x 30 cm'  itemprop=\"thumbnailUrl\"  ><img decoding=\"async\" fetchpriority=\"high\" class=\"wp-image-18400 avia-img-lazy-loading-not-18400\"   src=\"https:\/\/www.ingridslaa.nl\/wp-content\/uploads\/2025\/07\/Kruis-vogel-100-x-25-x-30-cm.jpg\" width=\"506\" height=\"317\"  title='Kreuzvogel, 100 x 25 x 30 cm' alt='' srcset=\"https:\/\/www.ingridslaa.nl\/wp-content\/uploads\/2025\/07\/Kruis-vogel-100-x-25-x-30-cm.jpg 506w, https:\/\/www.ingridslaa.nl\/wp-content\/uploads\/2025\/07\/Kruis-vogel-100-x-25-x-30-cm-300x188.jpg 300w\" sizes=\"(max-width: 506px) 100vw, 506px\" \/><div class='big-prev-fake'><img decoding=\"async\" loading=\"lazy\" class=\"wp-image-18400 avia-img-lazy-loading-18400\"  width=\"495\" height=\"317\" src=\"https:\/\/www.ingridslaa.nl\/wp-content\/uploads\/2025\/07\/Kruis-vogel-100-x-25-x-30-cm-495x317.jpg\" title='Kreuzvogel, 100 x 25 x 30 cm' alt='' \/><\/div><\/a><a href=\"https:\/\/www.ingridslaa.nl\/wp-content\/uploads\/2025\/07\/Onbereikbaar-70-x-94-cm.jpg\" data-srcset=\"https:\/\/www.ingridslaa.nl\/wp-content\/uploads\/2025\/07\/Onbereikbaar-70-x-94-cm.jpg 259w, https:\/\/www.ingridslaa.nl\/wp-content\/uploads\/2025\/07\/Onbereikbaar-70-x-94-cm-218x300.jpg 218w\" data-sizes=\"(max-width: 259px) 100vw, 259px\" data-rel='gallery-1' data-prev-img='https:\/\/www.ingridslaa.nl\/wp-content\/uploads\/2025\/07\/Onbereikbaar-70-x-94-cm.jpg' class='lightbox ' data-onclick='4' title='Unerreichbar, 70 x 94 cm'  itemprop=\"thumbnailUrl\"  ><img decoding=\"async\" fetchpriority=\"high\" class=\"wp-image-18403 avia-img-lazy-loading-not-18403\"   src=\"https:\/\/www.ingridslaa.nl\/wp-content\/uploads\/2025\/07\/Onbereikbaar-70-x-94-cm.jpg\" width=\"259\" height=\"356\"  title='Unerreichbar, 70 x 94 cm' alt='' srcset=\"https:\/\/www.ingridslaa.nl\/wp-content\/uploads\/2025\/07\/Onbereikbaar-70-x-94-cm.jpg 259w, https:\/\/www.ingridslaa.nl\/wp-content\/uploads\/2025\/07\/Onbereikbaar-70-x-94-cm-218x300.jpg 218w\" sizes=\"(max-width: 259px) 100vw, 259px\" \/><div class='big-prev-fake'><img decoding=\"async\" loading=\"lazy\" class=\"wp-image-18403 avia-img-lazy-loading-18403\"  width=\"259\" height=\"356\" src=\"https:\/\/www.ingridslaa.nl\/wp-content\/uploads\/2025\/07\/Onbereikbaar-70-x-94-cm.jpg\" title='Unerreichbar, 70 x 94 cm' alt='' srcset=\"https:\/\/www.ingridslaa.nl\/wp-content\/uploads\/2025\/07\/Onbereikbaar-70-x-94-cm.jpg 259w, https:\/\/www.ingridslaa.nl\/wp-content\/uploads\/2025\/07\/Onbereikbaar-70-x-94-cm-218x300.jpg 218w\" sizes=\"auto, (max-width: 259px) 100vw, 259px\" \/><\/div><\/a><a href=\"https:\/\/www.ingridslaa.nl\/wp-content\/uploads\/2025\/07\/Schakels.-85-x-54-cm.jpg\" data-srcset=\"https:\/\/www.ingridslaa.nl\/wp-content\/uploads\/2025\/07\/Schakels.-85-x-54-cm.jpg 336w, https:\/\/www.ingridslaa.nl\/wp-content\/uploads\/2025\/07\/Schakels.-85-x-54-cm-300x182.jpg 300w\" data-sizes=\"(max-width: 336px) 100vw, 336px\" data-rel='gallery-1' data-prev-img='https:\/\/www.ingridslaa.nl\/wp-content\/uploads\/2025\/07\/Schakels.-85-x-54-cm.jpg' class='lightbox ' data-onclick='5' title='Links. 85 x 54 cm'  itemprop=\"thumbnailUrl\"  ><img decoding=\"async\" fetchpriority=\"high\" class=\"wp-image-18406 avia-img-lazy-loading-not-18406\"   src=\"https:\/\/www.ingridslaa.nl\/wp-content\/uploads\/2025\/07\/Schakels.-85-x-54-cm.jpg\" width=\"336\" height=\"204\"  title='Links. 85 x 54 cm' alt='' srcset=\"https:\/\/www.ingridslaa.nl\/wp-content\/uploads\/2025\/07\/Schakels.-85-x-54-cm.jpg 336w, https:\/\/www.ingridslaa.nl\/wp-content\/uploads\/2025\/07\/Schakels.-85-x-54-cm-300x182.jpg 300w\" sizes=\"(max-width: 336px) 100vw, 336px\" \/><div class='big-prev-fake'><img decoding=\"async\" loading=\"lazy\" class=\"wp-image-18406 avia-img-lazy-loading-18406\"  width=\"336\" height=\"204\" src=\"https:\/\/www.ingridslaa.nl\/wp-content\/uploads\/2025\/07\/Schakels.-85-x-54-cm.jpg\" title='Links. 85 x 54 cm' alt='' srcset=\"https:\/\/www.ingridslaa.nl\/wp-content\/uploads\/2025\/07\/Schakels.-85-x-54-cm.jpg 336w, https:\/\/www.ingridslaa.nl\/wp-content\/uploads\/2025\/07\/Schakels.-85-x-54-cm-300x182.jpg 300w\" sizes=\"auto, (max-width: 336px) 100vw, 336px\" \/><\/div><\/a><a href=\"https:\/\/www.ingridslaa.nl\/wp-content\/uploads\/2025\/07\/Zo-licht-als-een-veertje-66-x-17-x-10-cm.jpg\" data-srcset=\"https:\/\/www.ingridslaa.nl\/wp-content\/uploads\/2025\/07\/Zo-licht-als-een-veertje-66-x-17-x-10-cm.jpg 173w, https:\/\/www.ingridslaa.nl\/wp-content\/uploads\/2025\/07\/Zo-licht-als-een-veertje-66-x-17-x-10-cm-118x300.jpg 118w\" data-sizes=\"(max-width: 173px) 100vw, 173px\" data-rel='gallery-1' data-prev-img='https:\/\/www.ingridslaa.nl\/wp-content\/uploads\/2025\/07\/Zo-licht-als-een-veertje-66-x-17-x-10-cm-173x400.jpg' class='lightbox ' data-onclick='6' title='So leicht wie eine Feder, 66 x 17 x 10 cm'  itemprop=\"thumbnailUrl\"  ><img decoding=\"async\" fetchpriority=\"high\" class=\"wp-image-18409 avia-img-lazy-loading-not-18409\"   src=\"https:\/\/www.ingridslaa.nl\/wp-content\/uploads\/2025\/07\/Zo-licht-als-een-veertje-66-x-17-x-10-cm.jpg\" width=\"173\" height=\"438\"  title='So leicht wie eine Feder, 66 x 17 x 10 cm' alt='' srcset=\"https:\/\/www.ingridslaa.nl\/wp-content\/uploads\/2025\/07\/Zo-licht-als-een-veertje-66-x-17-x-10-cm.jpg 173w, https:\/\/www.ingridslaa.nl\/wp-content\/uploads\/2025\/07\/Zo-licht-als-een-veertje-66-x-17-x-10-cm-118x300.jpg 118w\" sizes=\"(max-width: 173px) 100vw, 173px\" \/><div class='big-prev-fake'><img decoding=\"async\" loading=\"lazy\" class=\"wp-image-18409 avia-img-lazy-loading-18409\"  width=\"173\" height=\"400\" src=\"https:\/\/www.ingridslaa.nl\/wp-content\/uploads\/2025\/07\/Zo-licht-als-een-veertje-66-x-17-x-10-cm-173x400.jpg\" title='So leicht wie eine Feder, 66 x 17 x 10 cm' alt='' \/><\/div><\/a><\/div><\/div>\n","protected":false},"excerpt":{"rendered":"<p>Am 11. und 12. Oktober 2025 stellte Willy Schut in der Galerie Textilkunst aus.<\/p>\n","protected":false},"author":3,"featured_media":18466,"comment_status":"closed","ping_status":"closed","sticky":false,"template":"","format":"standard","meta":{"inline_featured_image":false,"footnotes":""},"categories":[94],"tags":[],"class_list":["post-18414","post","type-post","status-publish","format-standard","has-post-thumbnail","hentry","category-archiv-der-gastkunstler"],"yoast_head":"<!-- This site is optimized with the Yoast SEO plugin v27.5 - https:\/\/yoast.com\/product\/yoast-seo-wordpress\/ -->\n<title>11. und 12. Oktober 2025: Willy Schut - Ingrid Slaa<\/title>\n<meta name=\"robots\" content=\"index, follow, max-snippet:-1, max-image-preview:large, max-video-preview:-1\" \/>\n<link rel=\"canonical\" href=\"https:\/\/www.ingridslaa.nl\/de\/11-und-12-oktober-willy-schut\/\" \/>\n<meta property=\"og:locale\" content=\"de_DE\" \/>\n<meta property=\"og:type\" content=\"article\" \/>\n<meta property=\"og:title\" content=\"11. und 12. Oktober 2025: Willy Schut - Ingrid Slaa\" \/>\n<meta property=\"og:description\" content=\"Am 11. und 12. Oktober 2025 stellte Willy Schut in der Galerie Textilkunst aus.\" \/>\n<meta property=\"og:url\" content=\"https:\/\/www.ingridslaa.nl\/de\/11-und-12-oktober-willy-schut\/\" \/>\n<meta property=\"og:site_name\" content=\"Ingrid Slaa\" \/>\n<meta property=\"article:published_time\" content=\"2025-07-20T18:55:50+00:00\" \/>\n<meta property=\"article:modified_time\" content=\"2025-11-10T11:42:34+00:00\" \/>\n<meta property=\"og:image\" content=\"https:\/\/www.ingridslaa.nl\/wp-content\/uploads\/2025\/05\/Willy-Schut-e1752481048332.jpg\" \/>\n\t<meta property=\"og:image:width\" content=\"725\" \/>\n\t<meta property=\"og:image:height\" content=\"809\" \/>\n\t<meta property=\"og:image:type\" content=\"image\/jpeg\" \/>\n<meta name=\"author\" content=\"I Slaa\" \/>\n<meta name=\"twitter:card\" content=\"summary_large_image\" \/>\n<meta name=\"twitter:label1\" content=\"Verfasst von\" \/>\n\t<meta name=\"twitter:data1\" content=\"\" \/>\n\t<meta name=\"twitter:label2\" content=\"Gesch\u00e4tzte Lesezeit\" \/>\n\t<meta name=\"twitter:data2\" content=\"4\u00a0Minuten\" \/>\n<script type=\"application\/ld+json\" class=\"yoast-schema-graph\">{\"@context\":\"https:\\\/\\\/schema.org\",\"@graph\":[{\"@type\":\"Article\",\"@id\":\"https:\\\/\\\/www.ingridslaa.nl\\\/de\\\/11-und-12-oktober-willy-schut\\\/#article\",\"isPartOf\":{\"@id\":\"https:\\\/\\\/www.ingridslaa.nl\\\/de\\\/11-und-12-oktober-willy-schut\\\/\"},\"author\":{\"name\":\"I Slaa\",\"@id\":\"https:\\\/\\\/www.ingridslaa.nl\\\/de\\\/#\\\/schema\\\/person\\\/3659b67200290459d0171e1aa3f5fb63\"},\"headline\":\"11. und 12. Oktober 2025: Willy Schut\",\"datePublished\":\"2025-07-20T18:55:50+00:00\",\"dateModified\":\"2025-11-10T11:42:34+00:00\",\"mainEntityOfPage\":{\"@id\":\"https:\\\/\\\/www.ingridslaa.nl\\\/de\\\/11-und-12-oktober-willy-schut\\\/\"},\"wordCount\":719,\"image\":{\"@id\":\"https:\\\/\\\/www.ingridslaa.nl\\\/de\\\/11-und-12-oktober-willy-schut\\\/#primaryimage\"},\"thumbnailUrl\":\"https:\\\/\\\/www.ingridslaa.nl\\\/wp-content\\\/uploads\\\/2025\\\/05\\\/Willy-Schut-e1752481048332.jpg\",\"articleSection\":[\"Archiv der Gastk\u00fcnstler\"],\"inLanguage\":\"de\"},{\"@type\":\"WebPage\",\"@id\":\"https:\\\/\\\/www.ingridslaa.nl\\\/de\\\/11-und-12-oktober-willy-schut\\\/\",\"url\":\"https:\\\/\\\/www.ingridslaa.nl\\\/de\\\/11-und-12-oktober-willy-schut\\\/\",\"name\":\"11. und 12. Oktober 2025: Willy Schut - Ingrid Slaa\",\"isPartOf\":{\"@id\":\"https:\\\/\\\/www.ingridslaa.nl\\\/de\\\/#website\"},\"primaryImageOfPage\":{\"@id\":\"https:\\\/\\\/www.ingridslaa.nl\\\/de\\\/11-und-12-oktober-willy-schut\\\/#primaryimage\"},\"image\":{\"@id\":\"https:\\\/\\\/www.ingridslaa.nl\\\/de\\\/11-und-12-oktober-willy-schut\\\/#primaryimage\"},\"thumbnailUrl\":\"https:\\\/\\\/www.ingridslaa.nl\\\/wp-content\\\/uploads\\\/2025\\\/05\\\/Willy-Schut-e1752481048332.jpg\",\"datePublished\":\"2025-07-20T18:55:50+00:00\",\"dateModified\":\"2025-11-10T11:42:34+00:00\",\"author\":{\"@id\":\"https:\\\/\\\/www.ingridslaa.nl\\\/de\\\/#\\\/schema\\\/person\\\/3659b67200290459d0171e1aa3f5fb63\"},\"breadcrumb\":{\"@id\":\"https:\\\/\\\/www.ingridslaa.nl\\\/de\\\/11-und-12-oktober-willy-schut\\\/#breadcrumb\"},\"inLanguage\":\"de\",\"potentialAction\":[{\"@type\":\"ReadAction\",\"target\":[\"https:\\\/\\\/www.ingridslaa.nl\\\/de\\\/11-und-12-oktober-willy-schut\\\/\"]}]},{\"@type\":\"ImageObject\",\"inLanguage\":\"de\",\"@id\":\"https:\\\/\\\/www.ingridslaa.nl\\\/de\\\/11-und-12-oktober-willy-schut\\\/#primaryimage\",\"url\":\"https:\\\/\\\/www.ingridslaa.nl\\\/wp-content\\\/uploads\\\/2025\\\/05\\\/Willy-Schut-e1752481048332.jpg\",\"contentUrl\":\"https:\\\/\\\/www.ingridslaa.nl\\\/wp-content\\\/uploads\\\/2025\\\/05\\\/Willy-Schut-e1752481048332.jpg\",\"width\":725,\"height\":809},{\"@type\":\"BreadcrumbList\",\"@id\":\"https:\\\/\\\/www.ingridslaa.nl\\\/de\\\/11-und-12-oktober-willy-schut\\\/#breadcrumb\",\"itemListElement\":[{\"@type\":\"ListItem\",\"position\":1,\"name\":\"Home\",\"item\":\"https:\\\/\\\/www.ingridslaa.nl\\\/de\\\/startseite\\\/\"},{\"@type\":\"ListItem\",\"position\":2,\"name\":\"11. und 12. Oktober 2025: Willy Schut\"}]},{\"@type\":\"WebSite\",\"@id\":\"https:\\\/\\\/www.ingridslaa.nl\\\/de\\\/#website\",\"url\":\"https:\\\/\\\/www.ingridslaa.nl\\\/de\\\/\",\"name\":\"Ingrid Slaa\",\"description\":\"\",\"potentialAction\":[{\"@type\":\"SearchAction\",\"target\":{\"@type\":\"EntryPoint\",\"urlTemplate\":\"https:\\\/\\\/www.ingridslaa.nl\\\/de\\\/?s={search_term_string}\"},\"query-input\":{\"@type\":\"PropertyValueSpecification\",\"valueRequired\":true,\"valueName\":\"search_term_string\"}}],\"inLanguage\":\"de\"},{\"@type\":\"Person\",\"@id\":\"https:\\\/\\\/www.ingridslaa.nl\\\/de\\\/#\\\/schema\\\/person\\\/3659b67200290459d0171e1aa3f5fb63\",\"name\":\"I Slaa\",\"image\":{\"@type\":\"ImageObject\",\"inLanguage\":\"de\",\"@id\":\"https:\\\/\\\/secure.gravatar.com\\\/avatar\\\/0aba7f5926f83ff32d8a0d9922ad8e1c5d10d06c3fccea95ab0fc464d6ee14dc?s=96&d=mm&r=g\",\"url\":\"https:\\\/\\\/secure.gravatar.com\\\/avatar\\\/0aba7f5926f83ff32d8a0d9922ad8e1c5d10d06c3fccea95ab0fc464d6ee14dc?s=96&d=mm&r=g\",\"contentUrl\":\"https:\\\/\\\/secure.gravatar.com\\\/avatar\\\/0aba7f5926f83ff32d8a0d9922ad8e1c5d10d06c3fccea95ab0fc464d6ee14dc?s=96&d=mm&r=g\",\"caption\":\"I Slaa\"},\"url\":\"https:\\\/\\\/www.ingridslaa.nl\\\/de\\\/author\\\/slaaingmar_36\\\/\"}]}<\/script>\n<!-- \/ Yoast SEO plugin. -->","yoast_head_json":{"title":"11. und 12. Oktober 2025: Willy Schut - Ingrid Slaa","robots":{"index":"index","follow":"follow","max-snippet":"max-snippet:-1","max-image-preview":"max-image-preview:large","max-video-preview":"max-video-preview:-1"},"canonical":"https:\/\/www.ingridslaa.nl\/de\/11-und-12-oktober-willy-schut\/","og_locale":"de_DE","og_type":"article","og_title":"11. und 12. Oktober 2025: Willy Schut - Ingrid Slaa","og_description":"Am 11. und 12. Oktober 2025 stellte Willy Schut in der Galerie Textilkunst aus.","og_url":"https:\/\/www.ingridslaa.nl\/de\/11-und-12-oktober-willy-schut\/","og_site_name":"Ingrid Slaa","article_published_time":"2025-07-20T18:55:50+00:00","article_modified_time":"2025-11-10T11:42:34+00:00","og_image":[{"width":725,"height":809,"url":"https:\/\/www.ingridslaa.nl\/wp-content\/uploads\/2025\/05\/Willy-Schut-e1752481048332.jpg","type":"image\/jpeg"}],"author":"I Slaa","twitter_card":"summary_large_image","twitter_misc":{"Verfasst von":false,"Gesch\u00e4tzte Lesezeit":"4\u00a0Minuten"},"schema":{"@context":"https:\/\/schema.org","@graph":[{"@type":"Article","@id":"https:\/\/www.ingridslaa.nl\/de\/11-und-12-oktober-willy-schut\/#article","isPartOf":{"@id":"https:\/\/www.ingridslaa.nl\/de\/11-und-12-oktober-willy-schut\/"},"author":{"name":"I Slaa","@id":"https:\/\/www.ingridslaa.nl\/de\/#\/schema\/person\/3659b67200290459d0171e1aa3f5fb63"},"headline":"11. und 12. Oktober 2025: Willy Schut","datePublished":"2025-07-20T18:55:50+00:00","dateModified":"2025-11-10T11:42:34+00:00","mainEntityOfPage":{"@id":"https:\/\/www.ingridslaa.nl\/de\/11-und-12-oktober-willy-schut\/"},"wordCount":719,"image":{"@id":"https:\/\/www.ingridslaa.nl\/de\/11-und-12-oktober-willy-schut\/#primaryimage"},"thumbnailUrl":"https:\/\/www.ingridslaa.nl\/wp-content\/uploads\/2025\/05\/Willy-Schut-e1752481048332.jpg","articleSection":["Archiv der Gastk\u00fcnstler"],"inLanguage":"de"},{"@type":"WebPage","@id":"https:\/\/www.ingridslaa.nl\/de\/11-und-12-oktober-willy-schut\/","url":"https:\/\/www.ingridslaa.nl\/de\/11-und-12-oktober-willy-schut\/","name":"11. und 12. Oktober 2025: Willy Schut - Ingrid Slaa","isPartOf":{"@id":"https:\/\/www.ingridslaa.nl\/de\/#website"},"primaryImageOfPage":{"@id":"https:\/\/www.ingridslaa.nl\/de\/11-und-12-oktober-willy-schut\/#primaryimage"},"image":{"@id":"https:\/\/www.ingridslaa.nl\/de\/11-und-12-oktober-willy-schut\/#primaryimage"},"thumbnailUrl":"https:\/\/www.ingridslaa.nl\/wp-content\/uploads\/2025\/05\/Willy-Schut-e1752481048332.jpg","datePublished":"2025-07-20T18:55:50+00:00","dateModified":"2025-11-10T11:42:34+00:00","author":{"@id":"https:\/\/www.ingridslaa.nl\/de\/#\/schema\/person\/3659b67200290459d0171e1aa3f5fb63"},"breadcrumb":{"@id":"https:\/\/www.ingridslaa.nl\/de\/11-und-12-oktober-willy-schut\/#breadcrumb"},"inLanguage":"de","potentialAction":[{"@type":"ReadAction","target":["https:\/\/www.ingridslaa.nl\/de\/11-und-12-oktober-willy-schut\/"]}]},{"@type":"ImageObject","inLanguage":"de","@id":"https:\/\/www.ingridslaa.nl\/de\/11-und-12-oktober-willy-schut\/#primaryimage","url":"https:\/\/www.ingridslaa.nl\/wp-content\/uploads\/2025\/05\/Willy-Schut-e1752481048332.jpg","contentUrl":"https:\/\/www.ingridslaa.nl\/wp-content\/uploads\/2025\/05\/Willy-Schut-e1752481048332.jpg","width":725,"height":809},{"@type":"BreadcrumbList","@id":"https:\/\/www.ingridslaa.nl\/de\/11-und-12-oktober-willy-schut\/#breadcrumb","itemListElement":[{"@type":"ListItem","position":1,"name":"Home","item":"https:\/\/www.ingridslaa.nl\/de\/startseite\/"},{"@type":"ListItem","position":2,"name":"11. und 12. Oktober 2025: Willy Schut"}]},{"@type":"WebSite","@id":"https:\/\/www.ingridslaa.nl\/de\/#website","url":"https:\/\/www.ingridslaa.nl\/de\/","name":"Ingrid Slaa","description":"","potentialAction":[{"@type":"SearchAction","target":{"@type":"EntryPoint","urlTemplate":"https:\/\/www.ingridslaa.nl\/de\/?s={search_term_string}"},"query-input":{"@type":"PropertyValueSpecification","valueRequired":true,"valueName":"search_term_string"}}],"inLanguage":"de"},{"@type":"Person","@id":"https:\/\/www.ingridslaa.nl\/de\/#\/schema\/person\/3659b67200290459d0171e1aa3f5fb63","name":"I Slaa","image":{"@type":"ImageObject","inLanguage":"de","@id":"https:\/\/secure.gravatar.com\/avatar\/0aba7f5926f83ff32d8a0d9922ad8e1c5d10d06c3fccea95ab0fc464d6ee14dc?s=96&d=mm&r=g","url":"https:\/\/secure.gravatar.com\/avatar\/0aba7f5926f83ff32d8a0d9922ad8e1c5d10d06c3fccea95ab0fc464d6ee14dc?s=96&d=mm&r=g","contentUrl":"https:\/\/secure.gravatar.com\/avatar\/0aba7f5926f83ff32d8a0d9922ad8e1c5d10d06c3fccea95ab0fc464d6ee14dc?s=96&d=mm&r=g","caption":"I Slaa"},"url":"https:\/\/www.ingridslaa.nl\/de\/author\/slaaingmar_36\/"}]}},"_links":{"self":[{"href":"https:\/\/www.ingridslaa.nl\/de\/wp-json\/wp\/v2\/posts\/18414","targetHints":{"allow":["GET"]}}],"collection":[{"href":"https:\/\/www.ingridslaa.nl\/de\/wp-json\/wp\/v2\/posts"}],"about":[{"href":"https:\/\/www.ingridslaa.nl\/de\/wp-json\/wp\/v2\/types\/post"}],"author":[{"embeddable":true,"href":"https:\/\/www.ingridslaa.nl\/de\/wp-json\/wp\/v2\/users\/3"}],"replies":[{"embeddable":true,"href":"https:\/\/www.ingridslaa.nl\/de\/wp-json\/wp\/v2\/comments?post=18414"}],"version-history":[{"count":31,"href":"https:\/\/www.ingridslaa.nl\/de\/wp-json\/wp\/v2\/posts\/18414\/revisions"}],"predecessor-version":[{"id":19940,"href":"https:\/\/www.ingridslaa.nl\/de\/wp-json\/wp\/v2\/posts\/18414\/revisions\/19940"}],"wp:featuredmedia":[{"embeddable":true,"href":"https:\/\/www.ingridslaa.nl\/de\/wp-json\/wp\/v2\/media\/18466"}],"wp:attachment":[{"href":"https:\/\/www.ingridslaa.nl\/de\/wp-json\/wp\/v2\/media?parent=18414"}],"wp:term":[{"taxonomy":"category","embeddable":true,"href":"https:\/\/www.ingridslaa.nl\/de\/wp-json\/wp\/v2\/categories?post=18414"},{"taxonomy":"post_tag","embeddable":true,"href":"https:\/\/www.ingridslaa.nl\/de\/wp-json\/wp\/v2\/tags?post=18414"}],"curies":[{"name":"wp","href":"https:\/\/api.w.org\/{rel}","templated":true}]}}