{"id":21027,"date":"2026-03-26T22:33:58","date_gmt":"2026-03-26T20:33:58","guid":{"rendered":"https:\/\/www.ingridslaa.nl\/11-und-12-april-inez-pleizier\/"},"modified":"2026-04-16T10:13:25","modified_gmt":"2026-04-16T08:13:25","slug":"11-und-12-april-inez-pleizier","status":"publish","type":"post","link":"https:\/\/www.ingridslaa.nl\/de\/11-und-12-april-inez-pleizier\/","title":{"rendered":"11. und 12. April 2026: Inez Pleizier"},"content":{"rendered":"<div  class='flex_column av-lb5h6i-6bd023a7b0d83cf156cbea0c344e3d5b av_one_full  avia-builder-el-0  el_before_av_heading  avia-builder-el-first  first flex_column_div  '     ><\/div>\n\n<style type=\"text\/css\" data-created_by=\"avia_inline_auto\" id=\"style-css-av-mklban63-bb111f91523436c0bea410f478d180ca\">\n#top .av-special-heading.av-mklban63-bb111f91523436c0bea410f478d180ca{\npadding-bottom:10px;\n}\nbody .av-special-heading.av-mklban63-bb111f91523436c0bea410f478d180ca .av-special-heading-tag .heading-char{\nfont-size:25px;\n}\n.av-special-heading.av-mklban63-bb111f91523436c0bea410f478d180ca .av-subheading{\nfont-size:15px;\n}\n<\/style>\n<div  class='av-special-heading av-mklban63-bb111f91523436c0bea410f478d180ca av-special-heading-h3  avia-builder-el-1  el_after_av_one_full  el_before_av_textblock '><h3 class='av-special-heading-tag '  itemprop=\"headline\"  >Inez Pleizier<\/h3><div class=\"special-heading-border\"><div class=\"special-heading-inner-border\"><\/div><\/div><\/div>\n<section  class='av_textblock_section av-mklbm5xx-ca9c33fa567a8a948f67ea5df1ff9db7 '   itemscope=\"itemscope\" itemtype=\"https:\/\/schema.org\/BlogPosting\" itemprop=\"blogPost\" ><div class='avia_textblock'  itemprop=\"text\" ><p><strong>11. und 12. April 2026 Inez Pleizier stellte in der Galerie visuelle Phantasie aus.<\/strong><\/p>\n<p>Inez Pleizier-Huiskamp (1966) ist eine bildende K\u00fcnstlerin und Fotografin mit einem offenen Geist und einem ausgepr\u00e4gten Sinn f\u00fcr Nuancen und Details. Mit einem Hintergrund in der Fotografie erkundet sie die Welt durch mehrere Disziplinen: Fotografie, Keramik, Porzellan und Glas bilden zusammen die Sprache, in der sie ihre Wahrnehmungen ausdr\u00fcckt. Digitale Techniken, einschlie\u00dflich KI, sind dabei eine zeitgen\u00f6ssische Erweiterung ihrer fotografischen Praxis.  <\/p>\n<p>Ihre Arbeit dreht sich um die Poesie des Allt\u00e4glichen, die zerbrechlichen Momente, die subtilen Details und die Verg\u00e4nglichkeit des Lebens. Mit ihren Skulpturen und Objekten gelingt es ihr, den Betrachter zum aufmerksamen Schauen, Nachdenken und Staunen einzuladen. Indem sie verschiedene Techniken kombiniert, bringt sie nicht nur Formen und Materialien zusammen, sondern schichtet auch ihre Geschichten.  <\/p>\n<p>Inez arbeitet in ihrem Atelier in Apeldoorn, wo sie eine visuelle Sprache entwickelt, in der die Disziplinen nicht getrennt voneinander existieren, sondern zusammen eine Geschichte erz\u00e4hlen.<\/p>\n<p>Website: <a href=\"https:\/\/www.inezpleizier.nl\/\" target=\"_blank\" rel=\"noopener\">inezpleizier<\/a><br \/>\nInstagram: <a href=\"https:\/\/www.instagram.com\/inezimages\/\" target=\"_blank\" rel=\"noopener\">inezimages<\/a><\/p>\n<\/div><\/section>\n\n<style type=\"text\/css\" data-created_by=\"avia_inline_auto\" id=\"style-css-av-mklbe7zb-377b624ab5edd5ea44389c479a012b9f\">\n#top .avia-gallery.av-mklbe7zb-377b624ab5edd5ea44389c479a012b9f .avia-gallery-thumb a{\nwidth:16.6667%;\n}\n<\/style>\n<div  class='avia-gallery av-mklbe7zb-377b624ab5edd5ea44389c479a012b9f avia_animate_when_visible  avia-builder-el-3  el_after_av_textblock  avia-builder-el-last  avia_lazyload avia-gallery-animate avia-gallery-1'  itemprop=\"image\" itemscope=\"itemscope\" itemtype=\"https:\/\/schema.org\/ImageObject\" ><meta itemprop=\"contentURL\" content=\"https:\/\/www.ingridslaa.nl\/de\/11-und-12-april-inez-pleizier\/\"><div class='avia-gallery-thumb'><a href=\"https:\/\/www.ingridslaa.nl\/wp-content\/uploads\/2026\/01\/Inez-1.jpg\" data-srcset=\"https:\/\/www.ingridslaa.nl\/wp-content\/uploads\/2026\/01\/Inez-1.jpg 427w, https:\/\/www.ingridslaa.nl\/wp-content\/uploads\/2026\/01\/Inez-1-200x300.jpg 200w\" data-sizes=\"(max-width: 427px) 100vw, 427px\" data-rel='gallery-1' data-prev-img='https:\/\/www.ingridslaa.nl\/wp-content\/uploads\/2026\/01\/Inez-1-427x400.jpg' class='first_thumb lightbox ' data-onclick='1' title='Inez 1'  itemprop=\"thumbnailUrl\"  ><img decoding=\"async\" fetchpriority=\"high\" class=\"wp-image-21030 avia-img-lazy-loading-not-21030\"   src=\"https:\/\/www.ingridslaa.nl\/wp-content\/uploads\/2026\/01\/Inez-1.jpg\" width=\"427\" height=\"641\"  title='Inez 1' alt='' srcset=\"https:\/\/www.ingridslaa.nl\/wp-content\/uploads\/2026\/01\/Inez-1.jpg 427w, https:\/\/www.ingridslaa.nl\/wp-content\/uploads\/2026\/01\/Inez-1-200x300.jpg 200w\" sizes=\"(max-width: 427px) 100vw, 427px\" \/><div class='big-prev-fake'><img decoding=\"async\" loading=\"lazy\" class=\"wp-image-21030 avia-img-lazy-loading-21030\"  width=\"427\" height=\"400\" src=\"https:\/\/www.ingridslaa.nl\/wp-content\/uploads\/2026\/01\/Inez-1-427x400.jpg\" title='Inez 1' alt='' \/><\/div><\/a><a href=\"https:\/\/www.ingridslaa.nl\/wp-content\/uploads\/2026\/01\/Inez-2.jpg\" data-srcset=\"https:\/\/www.ingridslaa.nl\/wp-content\/uploads\/2026\/01\/Inez-2.jpg 640w, https:\/\/www.ingridslaa.nl\/wp-content\/uploads\/2026\/01\/Inez-2-300x200.jpg 300w\" data-sizes=\"(max-width: 640px) 100vw, 640px\" data-rel='gallery-1' data-prev-img='https:\/\/www.ingridslaa.nl\/wp-content\/uploads\/2026\/01\/Inez-2-495x400.jpg' class='lightbox ' data-onclick='2' title='Inez 2'  itemprop=\"thumbnailUrl\"  ><img decoding=\"async\" fetchpriority=\"high\" class=\"wp-image-21032 avia-img-lazy-loading-not-21032\"   src=\"https:\/\/www.ingridslaa.nl\/wp-content\/uploads\/2026\/01\/Inez-2.jpg\" width=\"640\" height=\"427\"  title='Inez 2' alt='' srcset=\"https:\/\/www.ingridslaa.nl\/wp-content\/uploads\/2026\/01\/Inez-2.jpg 640w, https:\/\/www.ingridslaa.nl\/wp-content\/uploads\/2026\/01\/Inez-2-300x200.jpg 300w\" sizes=\"(max-width: 640px) 100vw, 640px\" \/><div class='big-prev-fake'><img decoding=\"async\" loading=\"lazy\" class=\"wp-image-21032 avia-img-lazy-loading-21032\"  width=\"495\" height=\"400\" src=\"https:\/\/www.ingridslaa.nl\/wp-content\/uploads\/2026\/01\/Inez-2-495x400.jpg\" title='Inez 2' alt='' \/><\/div><\/a><a href=\"https:\/\/www.ingridslaa.nl\/wp-content\/uploads\/2026\/01\/Inez-3.jpg\" data-srcset=\"https:\/\/www.ingridslaa.nl\/wp-content\/uploads\/2026\/01\/Inez-3.jpg 640w, https:\/\/www.ingridslaa.nl\/wp-content\/uploads\/2026\/01\/Inez-3-300x200.jpg 300w\" data-sizes=\"(max-width: 640px) 100vw, 640px\" data-rel='gallery-1' data-prev-img='https:\/\/www.ingridslaa.nl\/wp-content\/uploads\/2026\/01\/Inez-3-495x400.jpg' class='lightbox ' data-onclick='3' title='Inez 3'  itemprop=\"thumbnailUrl\"  ><img decoding=\"async\" fetchpriority=\"high\" class=\"wp-image-21036 avia-img-lazy-loading-not-21036\"   src=\"https:\/\/www.ingridslaa.nl\/wp-content\/uploads\/2026\/01\/Inez-3.jpg\" width=\"640\" height=\"427\"  title='Inez 3' alt='' srcset=\"https:\/\/www.ingridslaa.nl\/wp-content\/uploads\/2026\/01\/Inez-3.jpg 640w, https:\/\/www.ingridslaa.nl\/wp-content\/uploads\/2026\/01\/Inez-3-300x200.jpg 300w\" sizes=\"(max-width: 640px) 100vw, 640px\" \/><div class='big-prev-fake'><img decoding=\"async\" loading=\"lazy\" class=\"wp-image-21036 avia-img-lazy-loading-21036\"  width=\"495\" height=\"400\" src=\"https:\/\/www.ingridslaa.nl\/wp-content\/uploads\/2026\/01\/Inez-3-495x400.jpg\" title='Inez 3' alt='' \/><\/div><\/a><a href=\"https:\/\/www.ingridslaa.nl\/wp-content\/uploads\/2026\/01\/Inez-4.jpg\" data-srcset=\"https:\/\/www.ingridslaa.nl\/wp-content\/uploads\/2026\/01\/Inez-4.jpg 480w, https:\/\/www.ingridslaa.nl\/wp-content\/uploads\/2026\/01\/Inez-4-225x300.jpg 225w\" data-sizes=\"(max-width: 480px) 100vw, 480px\" data-rel='gallery-1' data-prev-img='https:\/\/www.ingridslaa.nl\/wp-content\/uploads\/2026\/01\/Inez-4-480x400.jpg' class='lightbox ' data-onclick='4' title='Inez 4'  itemprop=\"thumbnailUrl\"  ><img decoding=\"async\" fetchpriority=\"high\" class=\"wp-image-21038 avia-img-lazy-loading-not-21038\"   src=\"https:\/\/www.ingridslaa.nl\/wp-content\/uploads\/2026\/01\/Inez-4.jpg\" width=\"480\" height=\"640\"  title='Inez 4' alt='' srcset=\"https:\/\/www.ingridslaa.nl\/wp-content\/uploads\/2026\/01\/Inez-4.jpg 480w, https:\/\/www.ingridslaa.nl\/wp-content\/uploads\/2026\/01\/Inez-4-225x300.jpg 225w\" sizes=\"(max-width: 480px) 100vw, 480px\" \/><div class='big-prev-fake'><img decoding=\"async\" loading=\"lazy\" class=\"wp-image-21038 avia-img-lazy-loading-21038\"  width=\"480\" height=\"400\" src=\"https:\/\/www.ingridslaa.nl\/wp-content\/uploads\/2026\/01\/Inez-4-480x400.jpg\" title='Inez 4' alt='' \/><\/div><\/a><a href=\"https:\/\/www.ingridslaa.nl\/wp-content\/uploads\/2026\/01\/Inez-5.jpg\" data-srcset=\"https:\/\/www.ingridslaa.nl\/wp-content\/uploads\/2026\/01\/Inez-5.jpg 480w, https:\/\/www.ingridslaa.nl\/wp-content\/uploads\/2026\/01\/Inez-5-225x300.jpg 225w\" data-sizes=\"(max-width: 480px) 100vw, 480px\" data-rel='gallery-1' data-prev-img='https:\/\/www.ingridslaa.nl\/wp-content\/uploads\/2026\/01\/Inez-5-480x400.jpg' class='lightbox ' data-onclick='5' title='Inez 5'  itemprop=\"thumbnailUrl\"  ><img decoding=\"async\" fetchpriority=\"high\" class=\"wp-image-21039 avia-img-lazy-loading-not-21039\"   src=\"https:\/\/www.ingridslaa.nl\/wp-content\/uploads\/2026\/01\/Inez-5.jpg\" width=\"480\" height=\"640\"  title='Inez 5' alt='' srcset=\"https:\/\/www.ingridslaa.nl\/wp-content\/uploads\/2026\/01\/Inez-5.jpg 480w, https:\/\/www.ingridslaa.nl\/wp-content\/uploads\/2026\/01\/Inez-5-225x300.jpg 225w\" sizes=\"(max-width: 480px) 100vw, 480px\" \/><div class='big-prev-fake'><img decoding=\"async\" loading=\"lazy\" class=\"wp-image-21039 avia-img-lazy-loading-21039\"  width=\"480\" height=\"400\" src=\"https:\/\/www.ingridslaa.nl\/wp-content\/uploads\/2026\/01\/Inez-5-480x400.jpg\" title='Inez 5' alt='' \/><\/div><\/a><\/div><\/div>\n","protected":false},"excerpt":{"rendered":"<p>11. und 12. April 2026 Inez Pleizier stellte in der Galerie visuelle Phantasie aus.<\/p>\n","protected":false},"author":3,"featured_media":21040,"comment_status":"closed","ping_status":"closed","sticky":false,"template":"","format":"standard","meta":{"inline_featured_image":false,"footnotes":""},"categories":[94],"tags":[],"class_list":["post-21027","post","type-post","status-publish","format-standard","has-post-thumbnail","hentry","category-archiv-der-gastkunstler"],"yoast_head":"<!-- This site is optimized with the Yoast SEO plugin v27.5 - https:\/\/yoast.com\/product\/yoast-seo-wordpress\/ -->\n<title>11. und 12. April 2026: Inez Pleizier - Ingrid Slaa<\/title>\n<meta name=\"robots\" content=\"index, follow, max-snippet:-1, max-image-preview:large, max-video-preview:-1\" \/>\n<link rel=\"canonical\" href=\"https:\/\/www.ingridslaa.nl\/de\/11-und-12-april-inez-pleizier\/\" \/>\n<meta property=\"og:locale\" content=\"de_DE\" \/>\n<meta property=\"og:type\" content=\"article\" \/>\n<meta property=\"og:title\" content=\"11. und 12. April 2026: Inez Pleizier - Ingrid Slaa\" \/>\n<meta property=\"og:description\" content=\"11. und 12. April 2026 Inez Pleizier stellte in der Galerie visuelle Phantasie aus.\" \/>\n<meta property=\"og:url\" content=\"https:\/\/www.ingridslaa.nl\/de\/11-und-12-april-inez-pleizier\/\" \/>\n<meta property=\"og:site_name\" content=\"Ingrid Slaa\" \/>\n<meta property=\"article:published_time\" content=\"2026-03-26T20:33:58+00:00\" \/>\n<meta property=\"article:modified_time\" content=\"2026-04-16T08:13:25+00:00\" \/>\n<meta property=\"og:image\" content=\"https:\/\/www.ingridslaa.nl\/wp-content\/uploads\/2026\/01\/Inez-1-1-e1768836282350.jpg\" \/>\n\t<meta property=\"og:image:width\" content=\"427\" \/>\n\t<meta property=\"og:image:height\" content=\"444\" \/>\n\t<meta property=\"og:image:type\" content=\"image\/jpeg\" \/>\n<meta name=\"author\" content=\"I Slaa\" \/>\n<meta name=\"twitter:card\" content=\"summary_large_image\" \/>\n<meta name=\"twitter:label1\" content=\"Verfasst von\" \/>\n\t<meta name=\"twitter:data1\" content=\"\" \/>\n\t<meta name=\"twitter:label2\" content=\"Gesch\u00e4tzte Lesezeit\" \/>\n\t<meta name=\"twitter:data2\" content=\"4\u00a0Minuten\" \/>\n<script type=\"application\/ld+json\" class=\"yoast-schema-graph\">{\"@context\":\"https:\\\/\\\/schema.org\",\"@graph\":[{\"@type\":\"Article\",\"@id\":\"https:\\\/\\\/www.ingridslaa.nl\\\/de\\\/11-und-12-april-inez-pleizier\\\/#article\",\"isPartOf\":{\"@id\":\"https:\\\/\\\/www.ingridslaa.nl\\\/de\\\/11-und-12-april-inez-pleizier\\\/\"},\"author\":{\"name\":\"I Slaa\",\"@id\":\"https:\\\/\\\/www.ingridslaa.nl\\\/de\\\/#\\\/schema\\\/person\\\/3659b67200290459d0171e1aa3f5fb63\"},\"headline\":\"11. und 12. April 2026: Inez Pleizier\",\"datePublished\":\"2026-03-26T20:33:58+00:00\",\"dateModified\":\"2026-04-16T08:13:25+00:00\",\"mainEntityOfPage\":{\"@id\":\"https:\\\/\\\/www.ingridslaa.nl\\\/de\\\/11-und-12-april-inez-pleizier\\\/\"},\"wordCount\":640,\"image\":{\"@id\":\"https:\\\/\\\/www.ingridslaa.nl\\\/de\\\/11-und-12-april-inez-pleizier\\\/#primaryimage\"},\"thumbnailUrl\":\"https:\\\/\\\/www.ingridslaa.nl\\\/wp-content\\\/uploads\\\/2026\\\/01\\\/Inez-1-1-e1768836282350.jpg\",\"articleSection\":[\"Archiv der Gastk\u00fcnstler\"],\"inLanguage\":\"de\"},{\"@type\":\"WebPage\",\"@id\":\"https:\\\/\\\/www.ingridslaa.nl\\\/de\\\/11-und-12-april-inez-pleizier\\\/\",\"url\":\"https:\\\/\\\/www.ingridslaa.nl\\\/de\\\/11-und-12-april-inez-pleizier\\\/\",\"name\":\"11. und 12. April 2026: Inez Pleizier - Ingrid Slaa\",\"isPartOf\":{\"@id\":\"https:\\\/\\\/www.ingridslaa.nl\\\/de\\\/#website\"},\"primaryImageOfPage\":{\"@id\":\"https:\\\/\\\/www.ingridslaa.nl\\\/de\\\/11-und-12-april-inez-pleizier\\\/#primaryimage\"},\"image\":{\"@id\":\"https:\\\/\\\/www.ingridslaa.nl\\\/de\\\/11-und-12-april-inez-pleizier\\\/#primaryimage\"},\"thumbnailUrl\":\"https:\\\/\\\/www.ingridslaa.nl\\\/wp-content\\\/uploads\\\/2026\\\/01\\\/Inez-1-1-e1768836282350.jpg\",\"datePublished\":\"2026-03-26T20:33:58+00:00\",\"dateModified\":\"2026-04-16T08:13:25+00:00\",\"author\":{\"@id\":\"https:\\\/\\\/www.ingridslaa.nl\\\/de\\\/#\\\/schema\\\/person\\\/3659b67200290459d0171e1aa3f5fb63\"},\"breadcrumb\":{\"@id\":\"https:\\\/\\\/www.ingridslaa.nl\\\/de\\\/11-und-12-april-inez-pleizier\\\/#breadcrumb\"},\"inLanguage\":\"de\",\"potentialAction\":[{\"@type\":\"ReadAction\",\"target\":[\"https:\\\/\\\/www.ingridslaa.nl\\\/de\\\/11-und-12-april-inez-pleizier\\\/\"]}]},{\"@type\":\"ImageObject\",\"inLanguage\":\"de\",\"@id\":\"https:\\\/\\\/www.ingridslaa.nl\\\/de\\\/11-und-12-april-inez-pleizier\\\/#primaryimage\",\"url\":\"https:\\\/\\\/www.ingridslaa.nl\\\/wp-content\\\/uploads\\\/2026\\\/01\\\/Inez-1-1-e1768836282350.jpg\",\"contentUrl\":\"https:\\\/\\\/www.ingridslaa.nl\\\/wp-content\\\/uploads\\\/2026\\\/01\\\/Inez-1-1-e1768836282350.jpg\",\"width\":427,\"height\":444},{\"@type\":\"BreadcrumbList\",\"@id\":\"https:\\\/\\\/www.ingridslaa.nl\\\/de\\\/11-und-12-april-inez-pleizier\\\/#breadcrumb\",\"itemListElement\":[{\"@type\":\"ListItem\",\"position\":1,\"name\":\"Home\",\"item\":\"https:\\\/\\\/www.ingridslaa.nl\\\/de\\\/startseite\\\/\"},{\"@type\":\"ListItem\",\"position\":2,\"name\":\"11. und 12. April 2026: Inez Pleizier\"}]},{\"@type\":\"WebSite\",\"@id\":\"https:\\\/\\\/www.ingridslaa.nl\\\/de\\\/#website\",\"url\":\"https:\\\/\\\/www.ingridslaa.nl\\\/de\\\/\",\"name\":\"Ingrid Slaa\",\"description\":\"\",\"potentialAction\":[{\"@type\":\"SearchAction\",\"target\":{\"@type\":\"EntryPoint\",\"urlTemplate\":\"https:\\\/\\\/www.ingridslaa.nl\\\/de\\\/?s={search_term_string}\"},\"query-input\":{\"@type\":\"PropertyValueSpecification\",\"valueRequired\":true,\"valueName\":\"search_term_string\"}}],\"inLanguage\":\"de\"},{\"@type\":\"Person\",\"@id\":\"https:\\\/\\\/www.ingridslaa.nl\\\/de\\\/#\\\/schema\\\/person\\\/3659b67200290459d0171e1aa3f5fb63\",\"name\":\"I Slaa\",\"image\":{\"@type\":\"ImageObject\",\"inLanguage\":\"de\",\"@id\":\"https:\\\/\\\/secure.gravatar.com\\\/avatar\\\/0aba7f5926f83ff32d8a0d9922ad8e1c5d10d06c3fccea95ab0fc464d6ee14dc?s=96&d=mm&r=g\",\"url\":\"https:\\\/\\\/secure.gravatar.com\\\/avatar\\\/0aba7f5926f83ff32d8a0d9922ad8e1c5d10d06c3fccea95ab0fc464d6ee14dc?s=96&d=mm&r=g\",\"contentUrl\":\"https:\\\/\\\/secure.gravatar.com\\\/avatar\\\/0aba7f5926f83ff32d8a0d9922ad8e1c5d10d06c3fccea95ab0fc464d6ee14dc?s=96&d=mm&r=g\",\"caption\":\"I Slaa\"},\"url\":\"https:\\\/\\\/www.ingridslaa.nl\\\/de\\\/author\\\/slaaingmar_36\\\/\"}]}<\/script>\n<!-- \/ Yoast SEO plugin. -->","yoast_head_json":{"title":"11. und 12. April 2026: Inez Pleizier - Ingrid Slaa","robots":{"index":"index","follow":"follow","max-snippet":"max-snippet:-1","max-image-preview":"max-image-preview:large","max-video-preview":"max-video-preview:-1"},"canonical":"https:\/\/www.ingridslaa.nl\/de\/11-und-12-april-inez-pleizier\/","og_locale":"de_DE","og_type":"article","og_title":"11. und 12. April 2026: Inez Pleizier - Ingrid Slaa","og_description":"11. und 12. April 2026 Inez Pleizier stellte in der Galerie visuelle Phantasie aus.","og_url":"https:\/\/www.ingridslaa.nl\/de\/11-und-12-april-inez-pleizier\/","og_site_name":"Ingrid Slaa","article_published_time":"2026-03-26T20:33:58+00:00","article_modified_time":"2026-04-16T08:13:25+00:00","og_image":[{"width":427,"height":444,"url":"https:\/\/www.ingridslaa.nl\/wp-content\/uploads\/2026\/01\/Inez-1-1-e1768836282350.jpg","type":"image\/jpeg"}],"author":"I Slaa","twitter_card":"summary_large_image","twitter_misc":{"Verfasst von":false,"Gesch\u00e4tzte Lesezeit":"4\u00a0Minuten"},"schema":{"@context":"https:\/\/schema.org","@graph":[{"@type":"Article","@id":"https:\/\/www.ingridslaa.nl\/de\/11-und-12-april-inez-pleizier\/#article","isPartOf":{"@id":"https:\/\/www.ingridslaa.nl\/de\/11-und-12-april-inez-pleizier\/"},"author":{"name":"I Slaa","@id":"https:\/\/www.ingridslaa.nl\/de\/#\/schema\/person\/3659b67200290459d0171e1aa3f5fb63"},"headline":"11. und 12. April 2026: Inez Pleizier","datePublished":"2026-03-26T20:33:58+00:00","dateModified":"2026-04-16T08:13:25+00:00","mainEntityOfPage":{"@id":"https:\/\/www.ingridslaa.nl\/de\/11-und-12-april-inez-pleizier\/"},"wordCount":640,"image":{"@id":"https:\/\/www.ingridslaa.nl\/de\/11-und-12-april-inez-pleizier\/#primaryimage"},"thumbnailUrl":"https:\/\/www.ingridslaa.nl\/wp-content\/uploads\/2026\/01\/Inez-1-1-e1768836282350.jpg","articleSection":["Archiv der Gastk\u00fcnstler"],"inLanguage":"de"},{"@type":"WebPage","@id":"https:\/\/www.ingridslaa.nl\/de\/11-und-12-april-inez-pleizier\/","url":"https:\/\/www.ingridslaa.nl\/de\/11-und-12-april-inez-pleizier\/","name":"11. und 12. April 2026: Inez Pleizier - Ingrid Slaa","isPartOf":{"@id":"https:\/\/www.ingridslaa.nl\/de\/#website"},"primaryImageOfPage":{"@id":"https:\/\/www.ingridslaa.nl\/de\/11-und-12-april-inez-pleizier\/#primaryimage"},"image":{"@id":"https:\/\/www.ingridslaa.nl\/de\/11-und-12-april-inez-pleizier\/#primaryimage"},"thumbnailUrl":"https:\/\/www.ingridslaa.nl\/wp-content\/uploads\/2026\/01\/Inez-1-1-e1768836282350.jpg","datePublished":"2026-03-26T20:33:58+00:00","dateModified":"2026-04-16T08:13:25+00:00","author":{"@id":"https:\/\/www.ingridslaa.nl\/de\/#\/schema\/person\/3659b67200290459d0171e1aa3f5fb63"},"breadcrumb":{"@id":"https:\/\/www.ingridslaa.nl\/de\/11-und-12-april-inez-pleizier\/#breadcrumb"},"inLanguage":"de","potentialAction":[{"@type":"ReadAction","target":["https:\/\/www.ingridslaa.nl\/de\/11-und-12-april-inez-pleizier\/"]}]},{"@type":"ImageObject","inLanguage":"de","@id":"https:\/\/www.ingridslaa.nl\/de\/11-und-12-april-inez-pleizier\/#primaryimage","url":"https:\/\/www.ingridslaa.nl\/wp-content\/uploads\/2026\/01\/Inez-1-1-e1768836282350.jpg","contentUrl":"https:\/\/www.ingridslaa.nl\/wp-content\/uploads\/2026\/01\/Inez-1-1-e1768836282350.jpg","width":427,"height":444},{"@type":"BreadcrumbList","@id":"https:\/\/www.ingridslaa.nl\/de\/11-und-12-april-inez-pleizier\/#breadcrumb","itemListElement":[{"@type":"ListItem","position":1,"name":"Home","item":"https:\/\/www.ingridslaa.nl\/de\/startseite\/"},{"@type":"ListItem","position":2,"name":"11. und 12. April 2026: Inez Pleizier"}]},{"@type":"WebSite","@id":"https:\/\/www.ingridslaa.nl\/de\/#website","url":"https:\/\/www.ingridslaa.nl\/de\/","name":"Ingrid Slaa","description":"","potentialAction":[{"@type":"SearchAction","target":{"@type":"EntryPoint","urlTemplate":"https:\/\/www.ingridslaa.nl\/de\/?s={search_term_string}"},"query-input":{"@type":"PropertyValueSpecification","valueRequired":true,"valueName":"search_term_string"}}],"inLanguage":"de"},{"@type":"Person","@id":"https:\/\/www.ingridslaa.nl\/de\/#\/schema\/person\/3659b67200290459d0171e1aa3f5fb63","name":"I Slaa","image":{"@type":"ImageObject","inLanguage":"de","@id":"https:\/\/secure.gravatar.com\/avatar\/0aba7f5926f83ff32d8a0d9922ad8e1c5d10d06c3fccea95ab0fc464d6ee14dc?s=96&d=mm&r=g","url":"https:\/\/secure.gravatar.com\/avatar\/0aba7f5926f83ff32d8a0d9922ad8e1c5d10d06c3fccea95ab0fc464d6ee14dc?s=96&d=mm&r=g","contentUrl":"https:\/\/secure.gravatar.com\/avatar\/0aba7f5926f83ff32d8a0d9922ad8e1c5d10d06c3fccea95ab0fc464d6ee14dc?s=96&d=mm&r=g","caption":"I Slaa"},"url":"https:\/\/www.ingridslaa.nl\/de\/author\/slaaingmar_36\/"}]}},"_links":{"self":[{"href":"https:\/\/www.ingridslaa.nl\/de\/wp-json\/wp\/v2\/posts\/21027","targetHints":{"allow":["GET"]}}],"collection":[{"href":"https:\/\/www.ingridslaa.nl\/de\/wp-json\/wp\/v2\/posts"}],"about":[{"href":"https:\/\/www.ingridslaa.nl\/de\/wp-json\/wp\/v2\/types\/post"}],"author":[{"embeddable":true,"href":"https:\/\/www.ingridslaa.nl\/de\/wp-json\/wp\/v2\/users\/3"}],"replies":[{"embeddable":true,"href":"https:\/\/www.ingridslaa.nl\/de\/wp-json\/wp\/v2\/comments?post=21027"}],"version-history":[{"count":55,"href":"https:\/\/www.ingridslaa.nl\/de\/wp-json\/wp\/v2\/posts\/21027\/revisions"}],"predecessor-version":[{"id":21952,"href":"https:\/\/www.ingridslaa.nl\/de\/wp-json\/wp\/v2\/posts\/21027\/revisions\/21952"}],"wp:featuredmedia":[{"embeddable":true,"href":"https:\/\/www.ingridslaa.nl\/de\/wp-json\/wp\/v2\/media\/21040"}],"wp:attachment":[{"href":"https:\/\/www.ingridslaa.nl\/de\/wp-json\/wp\/v2\/media?parent=21027"}],"wp:term":[{"taxonomy":"category","embeddable":true,"href":"https:\/\/www.ingridslaa.nl\/de\/wp-json\/wp\/v2\/categories?post=21027"},{"taxonomy":"post_tag","embeddable":true,"href":"https:\/\/www.ingridslaa.nl\/de\/wp-json\/wp\/v2\/tags?post=21027"}],"curies":[{"name":"wp","href":"https:\/\/api.w.org\/{rel}","templated":true}]}}