{"id":22097,"date":"2026-04-21T18:55:05","date_gmt":"2026-04-21T16:55:05","guid":{"rendered":"https:\/\/www.ingridslaa.nl\/13-und-14-juni-menna-kruiswijk\/"},"modified":"2026-04-29T21:48:58","modified_gmt":"2026-04-29T19:48:58","slug":"13-und-14-juni-menna-kruiswijk","status":"publish","type":"post","link":"https:\/\/www.ingridslaa.nl\/de\/13-und-14-juni-menna-kruiswijk\/","title":{"rendered":"13. und 14. Juni: Menna Kruiswijk"},"content":{"rendered":"<div  class='flex_column av-t0w7pf-7f37526f36043f0cde8bb11acc16da09 av_one_full  avia-builder-el-0  el_before_av_heading  avia-builder-el-first  first flex_column_div  '     ><\/div>\n\n<style type=\"text\/css\" data-created_by=\"avia_inline_auto\" id=\"style-css-av-mokgnugr-be2b7d0a85156134ad249feb1f5cc43b\">\n#top .av-special-heading.av-mokgnugr-be2b7d0a85156134ad249feb1f5cc43b{\npadding-bottom:10px;\n}\nbody .av-special-heading.av-mokgnugr-be2b7d0a85156134ad249feb1f5cc43b .av-special-heading-tag .heading-char{\nfont-size:25px;\n}\n.av-special-heading.av-mokgnugr-be2b7d0a85156134ad249feb1f5cc43b .av-subheading{\nfont-size:15px;\n}\n<\/style>\n<div  class='av-special-heading av-mokgnugr-be2b7d0a85156134ad249feb1f5cc43b av-special-heading-h3  avia-builder-el-1  el_after_av_one_full  el_before_av_textblock '><h3 class='av-special-heading-tag '  itemprop=\"headline\"  >Menna Kruiswijk<\/h3><div class=\"special-heading-border\"><div class=\"special-heading-inner-border\"><\/div><\/div><\/div>\n<section  class='av_textblock_section av-mokgpe1j-f27a623be3db46a288a1226b2d43079f '   itemscope=\"itemscope\" itemtype=\"https:\/\/schema.org\/BlogPosting\" itemprop=\"blogPost\" ><div class='avia_textblock'  itemprop=\"text\" ><p style=\"text-align: left;\"><strong>13. und 14. Juni Duo-Ausstellung mit Gedichten von Philipine Vinke und visuellen Geschichten von Menna Kruiswijk.<\/strong><\/p>\n<p>Menna Kruiswijk aus Harderwijk besch\u00e4ftigt sich seit fast 40 Jahren mit Kunst und genie\u00dft die Sch\u00f6nheit, die Inspiration und den Komfort, den die Kunst ihr bietet.<\/p>\n<p>Bis vor einem Jahr hat sie selbst keine Werke geschaffen. Sie nutzte jedoch ihre Kreativit\u00e4t, um viele Ausstellungen mit Werken anderer K\u00fcnstler zu gestalten. <\/p>\n<p>Als bei ihr 2023 Parkinson diagnostiziert wurde, wurde sie bald auf die Studien der Radboud UMC in Nijmegen aufmerksam: Kunst als Medizin. Sie beschloss, an der Art Cap-Studie teilzunehmen. Im Atelier eines K\u00fcnstlers machten sich die Teilnehmer auf die Suche nach ihrem eigenen kreativen Fluss. Die Idee dahinter: Im Flow leidet man weniger unter Parkinson-Symptomen und die Wirkung h\u00e4lt \u00fcber den Flow-Moment hinaus an. Kunst als Medizin.    <\/p>\n<p>Da Menna sich selbst eher als kreative Denkerin denn als Macherin sah, brauchte sie eine Weile, um ihren Weg des Machens zu finden. In ihrer t\u00e4glichen Arbeit in der Wirtschaft hilft sie Menschen, ihre Talente zu entwickeln. Dabei geht sie von dem aus, was bereits vorhanden ist. Derselbe Ausgangspunkt f\u00fchrte sie dazu, aus vorhandenem Material visuelle Geschichten zu machen.   <\/p>\n<p>Sie fand ein wundersch\u00f6n gestaltetes Magazin aus einer Ausstellung von 2021, Suffering Matters. Sie begann, das Magazin auseinanderzunehmen und verarbeitete es zu 26 Collagen, bis hin zum letzten Schnipsel. <\/p>\n<p>Seit dem 28. Juni 2025 erstellt sie t\u00e4glich eine visuelle Geschichte mit Bildern\/Material aus der Tageszeitung dar\u00fcber, wie es ihr geht, was sie an diesem Tag erlebt hat, was sie ber\u00fchrt hat, wen sie getroffen hat. Die Herausforderung besteht darin, nur die Bilder aus der Tageszeitung zu verwenden, nicht mehr. Der Effekt ist, dass Sie einen Flow erleben und die nat\u00fcrliche Dopaminproduktion anregen. Das Betrachten und Erleben von Kunst war ihr ganzes Leben lang eine Quelle der Inspiration und Reflexion. Jetzt kommt noch der Fluss des eigenen Schaffens hinzu. Damit schlie\u00dft sich auf besondere Weise der Kreis.     <\/p>\n<p>F\u00fcr die Ausstellung zusammen mit Philipine Vinkes Gedichten hat Menna die Herausforderung angenommen, visuelle Geschichten zu einigen von Philipines Gedichten zu schaffen. Diese sowie visuelle Geschichten aus dem vergangenen Jahr werden am 13. und 14. Juni in der Galerie zu sehen sein.<\/p>\n<\/div><\/section>\n\n<style type=\"text\/css\" data-created_by=\"avia_inline_auto\" id=\"style-css-av-mokgtfva-4579911ecf3994dc88b63a3a903d9fbe\">\n#top .avia-gallery.av-mokgtfva-4579911ecf3994dc88b63a3a903d9fbe .avia-gallery-thumb a{\nwidth:16.6667%;\n}\n<\/style>\n<div  class='avia-gallery av-mokgtfva-4579911ecf3994dc88b63a3a903d9fbe avia_animate_when_visible  avia-builder-el-3  el_after_av_textblock  avia-builder-el-last  avia_lazyload avia-gallery-animate avia-gallery-1'  itemprop=\"image\" itemscope=\"itemscope\" itemtype=\"https:\/\/schema.org\/ImageObject\" ><meta itemprop=\"contentURL\" content=\"https:\/\/www.ingridslaa.nl\/de\/13-und-14-juni-menna-kruiswijk\/\"><div class='avia-gallery-thumb'><a href=\"https:\/\/www.ingridslaa.nl\/wp-content\/uploads\/2026\/04\/Erfbelasting-voor-generatie-Beta-1.jpg\" data-srcset=\"https:\/\/www.ingridslaa.nl\/wp-content\/uploads\/2026\/04\/Erfbelasting-voor-generatie-Beta-1.jpg 1025w, https:\/\/www.ingridslaa.nl\/wp-content\/uploads\/2026\/04\/Erfbelasting-voor-generatie-Beta-1-300x233.jpg 300w, https:\/\/www.ingridslaa.nl\/wp-content\/uploads\/2026\/04\/Erfbelasting-voor-generatie-Beta-1-768x596.jpg 768w, https:\/\/www.ingridslaa.nl\/wp-content\/uploads\/2026\/04\/Erfbelasting-voor-generatie-Beta-1-705x547.jpg 705w\" data-sizes=\"(max-width: 1025px) 100vw, 1025px\" data-rel='gallery-1' data-prev-img='https:\/\/www.ingridslaa.nl\/wp-content\/uploads\/2026\/04\/Erfbelasting-voor-generatie-Beta-1-495x400.jpg' class='first_thumb lightbox ' data-onclick='1' title='Erbschaftssteuer f\u00fcr die Generation Beta 1'  itemprop=\"thumbnailUrl\"  ><img decoding=\"async\" fetchpriority=\"high\" class=\"wp-image-22100 avia-img-lazy-loading-not-22100\"   src=\"https:\/\/www.ingridslaa.nl\/wp-content\/uploads\/2026\/04\/Erfbelasting-voor-generatie-Beta-1.jpg\" width=\"1025\" height=\"796\"  title='Erbschaftssteuer f\u00fcr die Generation Beta 1' alt='' srcset=\"https:\/\/www.ingridslaa.nl\/wp-content\/uploads\/2026\/04\/Erfbelasting-voor-generatie-Beta-1.jpg 1025w, https:\/\/www.ingridslaa.nl\/wp-content\/uploads\/2026\/04\/Erfbelasting-voor-generatie-Beta-1-300x233.jpg 300w, https:\/\/www.ingridslaa.nl\/wp-content\/uploads\/2026\/04\/Erfbelasting-voor-generatie-Beta-1-768x596.jpg 768w, https:\/\/www.ingridslaa.nl\/wp-content\/uploads\/2026\/04\/Erfbelasting-voor-generatie-Beta-1-705x547.jpg 705w\" sizes=\"(max-width: 1025px) 100vw, 1025px\" \/><div class='big-prev-fake'><img decoding=\"async\" loading=\"lazy\" class=\"wp-image-22100 avia-img-lazy-loading-22100\"  width=\"495\" height=\"400\" src=\"https:\/\/www.ingridslaa.nl\/wp-content\/uploads\/2026\/04\/Erfbelasting-voor-generatie-Beta-1-495x400.jpg\" title='Erbschaftssteuer f\u00fcr die Generation Beta 1' alt='' srcset=\"https:\/\/www.ingridslaa.nl\/wp-content\/uploads\/2026\/04\/Erfbelasting-voor-generatie-Beta-1-495x400.jpg 495w, https:\/\/www.ingridslaa.nl\/wp-content\/uploads\/2026\/04\/Erfbelasting-voor-generatie-Beta-1-845x684.jpg 845w\" sizes=\"auto, (max-width: 495px) 100vw, 495px\" \/><\/div><\/a><a href=\"https:\/\/www.ingridslaa.nl\/wp-content\/uploads\/2026\/04\/Ik-ben-jurk-1.jpg\" data-srcset=\"https:\/\/www.ingridslaa.nl\/wp-content\/uploads\/2026\/04\/Ik-ben-jurk-1.jpg 725w, https:\/\/www.ingridslaa.nl\/wp-content\/uploads\/2026\/04\/Ik-ben-jurk-1-228x300.jpg 228w, https:\/\/www.ingridslaa.nl\/wp-content\/uploads\/2026\/04\/Ik-ben-jurk-1-536x705.jpg 536w\" data-sizes=\"(max-width: 725px) 100vw, 725px\" data-rel='gallery-1' data-prev-img='https:\/\/www.ingridslaa.nl\/wp-content\/uploads\/2026\/04\/Ik-ben-jurk-1-495x400.jpg' class='lightbox ' data-onclick='2' title='Ich bin Kleid 1'  itemprop=\"thumbnailUrl\"  ><img decoding=\"async\" fetchpriority=\"high\" class=\"wp-image-22101 avia-img-lazy-loading-not-22101\"   src=\"https:\/\/www.ingridslaa.nl\/wp-content\/uploads\/2026\/04\/Ik-ben-jurk-1.jpg\" width=\"725\" height=\"954\"  title='Ich bin Kleid 1' alt='' srcset=\"https:\/\/www.ingridslaa.nl\/wp-content\/uploads\/2026\/04\/Ik-ben-jurk-1.jpg 725w, https:\/\/www.ingridslaa.nl\/wp-content\/uploads\/2026\/04\/Ik-ben-jurk-1-228x300.jpg 228w, https:\/\/www.ingridslaa.nl\/wp-content\/uploads\/2026\/04\/Ik-ben-jurk-1-536x705.jpg 536w\" sizes=\"(max-width: 725px) 100vw, 725px\" \/><div class='big-prev-fake'><img decoding=\"async\" loading=\"lazy\" class=\"wp-image-22101 avia-img-lazy-loading-22101\"  width=\"495\" height=\"400\" src=\"https:\/\/www.ingridslaa.nl\/wp-content\/uploads\/2026\/04\/Ik-ben-jurk-1-495x400.jpg\" title='Ich bin Kleid 1' alt='' \/><\/div><\/a><a href=\"https:\/\/www.ingridslaa.nl\/wp-content\/uploads\/2026\/04\/Ik-ben-jurk-2.jpg\" data-srcset=\"https:\/\/www.ingridslaa.nl\/wp-content\/uploads\/2026\/04\/Ik-ben-jurk-2.jpg 725w, https:\/\/www.ingridslaa.nl\/wp-content\/uploads\/2026\/04\/Ik-ben-jurk-2-211x300.jpg 211w, https:\/\/www.ingridslaa.nl\/wp-content\/uploads\/2026\/04\/Ik-ben-jurk-2-497x705.jpg 497w\" data-sizes=\"(max-width: 725px) 100vw, 725px\" data-rel='gallery-1' data-prev-img='https:\/\/www.ingridslaa.nl\/wp-content\/uploads\/2026\/04\/Ik-ben-jurk-2-495x400.jpg' class='lightbox ' data-onclick='3' title='Ich bin Kleid 2'  itemprop=\"thumbnailUrl\"  ><img decoding=\"async\" fetchpriority=\"high\" class=\"wp-image-22102 avia-img-lazy-loading-not-22102\"   src=\"https:\/\/www.ingridslaa.nl\/wp-content\/uploads\/2026\/04\/Ik-ben-jurk-2.jpg\" width=\"725\" height=\"1029\"  title='Ich bin Kleid 2' alt='' srcset=\"https:\/\/www.ingridslaa.nl\/wp-content\/uploads\/2026\/04\/Ik-ben-jurk-2.jpg 725w, https:\/\/www.ingridslaa.nl\/wp-content\/uploads\/2026\/04\/Ik-ben-jurk-2-211x300.jpg 211w, https:\/\/www.ingridslaa.nl\/wp-content\/uploads\/2026\/04\/Ik-ben-jurk-2-497x705.jpg 497w\" sizes=\"(max-width: 725px) 100vw, 725px\" \/><div class='big-prev-fake'><img decoding=\"async\" loading=\"lazy\" class=\"wp-image-22102 avia-img-lazy-loading-22102\"  width=\"495\" height=\"400\" src=\"https:\/\/www.ingridslaa.nl\/wp-content\/uploads\/2026\/04\/Ik-ben-jurk-2-495x400.jpg\" title='Ich bin Kleid 2' alt='' \/><\/div><\/a><a href=\"https:\/\/www.ingridslaa.nl\/wp-content\/uploads\/2026\/04\/Ode-aan-de-vrouwen-van-Positive-Inspiration.jpg\" data-srcset=\"https:\/\/www.ingridslaa.nl\/wp-content\/uploads\/2026\/04\/Ode-aan-de-vrouwen-van-Positive-Inspiration.jpg 1025w, https:\/\/www.ingridslaa.nl\/wp-content\/uploads\/2026\/04\/Ode-aan-de-vrouwen-van-Positive-Inspiration-300x149.jpg 300w, https:\/\/www.ingridslaa.nl\/wp-content\/uploads\/2026\/04\/Ode-aan-de-vrouwen-van-Positive-Inspiration-768x381.jpg 768w, https:\/\/www.ingridslaa.nl\/wp-content\/uploads\/2026\/04\/Ode-aan-de-vrouwen-van-Positive-Inspiration-705x349.jpg 705w\" data-sizes=\"(max-width: 1025px) 100vw, 1025px\" data-rel='gallery-1' data-prev-img='https:\/\/www.ingridslaa.nl\/wp-content\/uploads\/2026\/04\/Ode-aan-de-vrouwen-van-Positive-Inspiration-495x400.jpg' class='lightbox ' data-onclick='4' title='Ode an die Frauen der positiven Inspiration'  itemprop=\"thumbnailUrl\"  ><img decoding=\"async\" fetchpriority=\"high\" class=\"wp-image-22103 avia-img-lazy-loading-not-22103\"   src=\"https:\/\/www.ingridslaa.nl\/wp-content\/uploads\/2026\/04\/Ode-aan-de-vrouwen-van-Positive-Inspiration.jpg\" width=\"1025\" height=\"508\"  title='Ode an die Frauen der positiven Inspiration' alt='' srcset=\"https:\/\/www.ingridslaa.nl\/wp-content\/uploads\/2026\/04\/Ode-aan-de-vrouwen-van-Positive-Inspiration.jpg 1025w, https:\/\/www.ingridslaa.nl\/wp-content\/uploads\/2026\/04\/Ode-aan-de-vrouwen-van-Positive-Inspiration-300x149.jpg 300w, https:\/\/www.ingridslaa.nl\/wp-content\/uploads\/2026\/04\/Ode-aan-de-vrouwen-van-Positive-Inspiration-768x381.jpg 768w, https:\/\/www.ingridslaa.nl\/wp-content\/uploads\/2026\/04\/Ode-aan-de-vrouwen-van-Positive-Inspiration-705x349.jpg 705w\" sizes=\"(max-width: 1025px) 100vw, 1025px\" \/><div class='big-prev-fake'><img decoding=\"async\" loading=\"lazy\" class=\"wp-image-22103 avia-img-lazy-loading-22103\"  width=\"495\" height=\"400\" src=\"https:\/\/www.ingridslaa.nl\/wp-content\/uploads\/2026\/04\/Ode-aan-de-vrouwen-van-Positive-Inspiration-495x400.jpg\" title='Ode an die Frauen der positiven Inspiration' alt='' \/><\/div><\/a><a href=\"https:\/\/www.ingridslaa.nl\/wp-content\/uploads\/2026\/04\/Suffering-Matters-overzicht.jpg\" data-srcset=\"https:\/\/www.ingridslaa.nl\/wp-content\/uploads\/2026\/04\/Suffering-Matters-overzicht.jpg 725w, https:\/\/www.ingridslaa.nl\/wp-content\/uploads\/2026\/04\/Suffering-Matters-overzicht-300x225.jpg 300w, https:\/\/www.ingridslaa.nl\/wp-content\/uploads\/2026\/04\/Suffering-Matters-overzicht-705x529.jpg 705w\" data-sizes=\"(max-width: 725px) 100vw, 725px\" data-rel='gallery-1' data-prev-img='https:\/\/www.ingridslaa.nl\/wp-content\/uploads\/2026\/04\/Suffering-Matters-overzicht-495x400.jpg' class='lightbox ' data-onclick='5' title='Suffering Matters Rezension'  itemprop=\"thumbnailUrl\"  ><img decoding=\"async\" fetchpriority=\"high\" class=\"wp-image-22104 avia-img-lazy-loading-not-22104\"   src=\"https:\/\/www.ingridslaa.nl\/wp-content\/uploads\/2026\/04\/Suffering-Matters-overzicht.jpg\" width=\"725\" height=\"544\"  title='Suffering Matters Rezension' alt='' srcset=\"https:\/\/www.ingridslaa.nl\/wp-content\/uploads\/2026\/04\/Suffering-Matters-overzicht.jpg 725w, https:\/\/www.ingridslaa.nl\/wp-content\/uploads\/2026\/04\/Suffering-Matters-overzicht-300x225.jpg 300w, https:\/\/www.ingridslaa.nl\/wp-content\/uploads\/2026\/04\/Suffering-Matters-overzicht-705x529.jpg 705w\" sizes=\"(max-width: 725px) 100vw, 725px\" \/><div class='big-prev-fake'><img decoding=\"async\" loading=\"lazy\" class=\"wp-image-22104 avia-img-lazy-loading-22104\"  width=\"495\" height=\"400\" src=\"https:\/\/www.ingridslaa.nl\/wp-content\/uploads\/2026\/04\/Suffering-Matters-overzicht-495x400.jpg\" title='Suffering Matters Rezension' alt='' \/><\/div><\/a><\/div><\/div>\n","protected":false},"excerpt":{"rendered":"<p>13. und 14. Juni Duo-Ausstellung mit Gedichten von Philipine Vinke und visuellen Geschichten von Menna Kruiswijk.<\/p>\n","protected":false},"author":3,"featured_media":22102,"comment_status":"closed","ping_status":"closed","sticky":false,"template":"","format":"standard","meta":{"inline_featured_image":false,"footnotes":""},"categories":[97],"tags":[],"class_list":["post-22097","post","type-post","status-publish","format-standard","has-post-thumbnail","hentry","category-gastkunstler"],"yoast_head":"<!-- This site is optimized with the Yoast SEO plugin v27.5 - https:\/\/yoast.com\/product\/yoast-seo-wordpress\/ -->\n<title>13. und 14. Juni: Menna Kruiswijk - Ingrid Slaa<\/title>\n<meta name=\"robots\" content=\"index, follow, max-snippet:-1, max-image-preview:large, max-video-preview:-1\" \/>\n<link rel=\"canonical\" href=\"https:\/\/www.ingridslaa.nl\/de\/13-und-14-juni-menna-kruiswijk\/\" \/>\n<meta property=\"og:locale\" content=\"de_DE\" \/>\n<meta property=\"og:type\" content=\"article\" \/>\n<meta property=\"og:title\" content=\"13. und 14. Juni: Menna Kruiswijk - Ingrid Slaa\" \/>\n<meta property=\"og:description\" content=\"13. und 14. Juni Duo-Ausstellung mit Gedichten von Philipine Vinke und visuellen Geschichten von Menna Kruiswijk.\" \/>\n<meta property=\"og:url\" content=\"https:\/\/www.ingridslaa.nl\/de\/13-und-14-juni-menna-kruiswijk\/\" \/>\n<meta property=\"og:site_name\" content=\"Ingrid Slaa\" \/>\n<meta property=\"article:published_time\" content=\"2026-04-21T16:55:05+00:00\" \/>\n<meta property=\"article:modified_time\" content=\"2026-04-29T19:48:58+00:00\" \/>\n<meta property=\"og:image\" content=\"https:\/\/www.ingridslaa.nl\/wp-content\/uploads\/2026\/04\/Ik-ben-jurk-2.jpg\" \/>\n\t<meta property=\"og:image:width\" content=\"725\" \/>\n\t<meta property=\"og:image:height\" content=\"1029\" \/>\n\t<meta property=\"og:image:type\" content=\"image\/jpeg\" \/>\n<meta name=\"author\" content=\"I Slaa\" \/>\n<meta name=\"twitter:card\" content=\"summary_large_image\" \/>\n<meta name=\"twitter:label1\" content=\"Verfasst von\" \/>\n\t<meta name=\"twitter:data1\" content=\"\" \/>\n\t<meta name=\"twitter:label2\" content=\"Gesch\u00e4tzte Lesezeit\" \/>\n\t<meta name=\"twitter:data2\" content=\"5\u00a0Minuten\" \/>\n<script type=\"application\/ld+json\" class=\"yoast-schema-graph\">{\"@context\":\"https:\\\/\\\/schema.org\",\"@graph\":[{\"@type\":\"Article\",\"@id\":\"https:\\\/\\\/www.ingridslaa.nl\\\/de\\\/13-und-14-juni-menna-kruiswijk\\\/#article\",\"isPartOf\":{\"@id\":\"https:\\\/\\\/www.ingridslaa.nl\\\/de\\\/13-und-14-juni-menna-kruiswijk\\\/\"},\"author\":{\"name\":\"I Slaa\",\"@id\":\"https:\\\/\\\/www.ingridslaa.nl\\\/de\\\/#\\\/schema\\\/person\\\/3659b67200290459d0171e1aa3f5fb63\"},\"headline\":\"13. und 14. Juni: Menna Kruiswijk\",\"datePublished\":\"2026-04-21T16:55:05+00:00\",\"dateModified\":\"2026-04-29T19:48:58+00:00\",\"mainEntityOfPage\":{\"@id\":\"https:\\\/\\\/www.ingridslaa.nl\\\/de\\\/13-und-14-juni-menna-kruiswijk\\\/\"},\"wordCount\":841,\"image\":{\"@id\":\"https:\\\/\\\/www.ingridslaa.nl\\\/de\\\/13-und-14-juni-menna-kruiswijk\\\/#primaryimage\"},\"thumbnailUrl\":\"https:\\\/\\\/www.ingridslaa.nl\\\/wp-content\\\/uploads\\\/2026\\\/04\\\/Ik-ben-jurk-2.jpg\",\"articleSection\":[\"Gastk\u00fcnstler\"],\"inLanguage\":\"de\"},{\"@type\":\"WebPage\",\"@id\":\"https:\\\/\\\/www.ingridslaa.nl\\\/de\\\/13-und-14-juni-menna-kruiswijk\\\/\",\"url\":\"https:\\\/\\\/www.ingridslaa.nl\\\/de\\\/13-und-14-juni-menna-kruiswijk\\\/\",\"name\":\"13. und 14. Juni: Menna Kruiswijk - Ingrid Slaa\",\"isPartOf\":{\"@id\":\"https:\\\/\\\/www.ingridslaa.nl\\\/de\\\/#website\"},\"primaryImageOfPage\":{\"@id\":\"https:\\\/\\\/www.ingridslaa.nl\\\/de\\\/13-und-14-juni-menna-kruiswijk\\\/#primaryimage\"},\"image\":{\"@id\":\"https:\\\/\\\/www.ingridslaa.nl\\\/de\\\/13-und-14-juni-menna-kruiswijk\\\/#primaryimage\"},\"thumbnailUrl\":\"https:\\\/\\\/www.ingridslaa.nl\\\/wp-content\\\/uploads\\\/2026\\\/04\\\/Ik-ben-jurk-2.jpg\",\"datePublished\":\"2026-04-21T16:55:05+00:00\",\"dateModified\":\"2026-04-29T19:48:58+00:00\",\"author\":{\"@id\":\"https:\\\/\\\/www.ingridslaa.nl\\\/de\\\/#\\\/schema\\\/person\\\/3659b67200290459d0171e1aa3f5fb63\"},\"breadcrumb\":{\"@id\":\"https:\\\/\\\/www.ingridslaa.nl\\\/de\\\/13-und-14-juni-menna-kruiswijk\\\/#breadcrumb\"},\"inLanguage\":\"de\",\"potentialAction\":[{\"@type\":\"ReadAction\",\"target\":[\"https:\\\/\\\/www.ingridslaa.nl\\\/de\\\/13-und-14-juni-menna-kruiswijk\\\/\"]}]},{\"@type\":\"ImageObject\",\"inLanguage\":\"de\",\"@id\":\"https:\\\/\\\/www.ingridslaa.nl\\\/de\\\/13-und-14-juni-menna-kruiswijk\\\/#primaryimage\",\"url\":\"https:\\\/\\\/www.ingridslaa.nl\\\/wp-content\\\/uploads\\\/2026\\\/04\\\/Ik-ben-jurk-2.jpg\",\"contentUrl\":\"https:\\\/\\\/www.ingridslaa.nl\\\/wp-content\\\/uploads\\\/2026\\\/04\\\/Ik-ben-jurk-2.jpg\",\"width\":725,\"height\":1029},{\"@type\":\"BreadcrumbList\",\"@id\":\"https:\\\/\\\/www.ingridslaa.nl\\\/de\\\/13-und-14-juni-menna-kruiswijk\\\/#breadcrumb\",\"itemListElement\":[{\"@type\":\"ListItem\",\"position\":1,\"name\":\"Home\",\"item\":\"https:\\\/\\\/www.ingridslaa.nl\\\/de\\\/startseite\\\/\"},{\"@type\":\"ListItem\",\"position\":2,\"name\":\"13. und 14. Juni: Menna Kruiswijk\"}]},{\"@type\":\"WebSite\",\"@id\":\"https:\\\/\\\/www.ingridslaa.nl\\\/de\\\/#website\",\"url\":\"https:\\\/\\\/www.ingridslaa.nl\\\/de\\\/\",\"name\":\"Ingrid Slaa\",\"description\":\"\",\"potentialAction\":[{\"@type\":\"SearchAction\",\"target\":{\"@type\":\"EntryPoint\",\"urlTemplate\":\"https:\\\/\\\/www.ingridslaa.nl\\\/de\\\/?s={search_term_string}\"},\"query-input\":{\"@type\":\"PropertyValueSpecification\",\"valueRequired\":true,\"valueName\":\"search_term_string\"}}],\"inLanguage\":\"de\"},{\"@type\":\"Person\",\"@id\":\"https:\\\/\\\/www.ingridslaa.nl\\\/de\\\/#\\\/schema\\\/person\\\/3659b67200290459d0171e1aa3f5fb63\",\"name\":\"I Slaa\",\"image\":{\"@type\":\"ImageObject\",\"inLanguage\":\"de\",\"@id\":\"https:\\\/\\\/secure.gravatar.com\\\/avatar\\\/0aba7f5926f83ff32d8a0d9922ad8e1c5d10d06c3fccea95ab0fc464d6ee14dc?s=96&d=mm&r=g\",\"url\":\"https:\\\/\\\/secure.gravatar.com\\\/avatar\\\/0aba7f5926f83ff32d8a0d9922ad8e1c5d10d06c3fccea95ab0fc464d6ee14dc?s=96&d=mm&r=g\",\"contentUrl\":\"https:\\\/\\\/secure.gravatar.com\\\/avatar\\\/0aba7f5926f83ff32d8a0d9922ad8e1c5d10d06c3fccea95ab0fc464d6ee14dc?s=96&d=mm&r=g\",\"caption\":\"I Slaa\"},\"url\":\"https:\\\/\\\/www.ingridslaa.nl\\\/de\\\/author\\\/slaaingmar_36\\\/\"}]}<\/script>\n<!-- \/ Yoast SEO plugin. -->","yoast_head_json":{"title":"13. und 14. Juni: Menna Kruiswijk - Ingrid Slaa","robots":{"index":"index","follow":"follow","max-snippet":"max-snippet:-1","max-image-preview":"max-image-preview:large","max-video-preview":"max-video-preview:-1"},"canonical":"https:\/\/www.ingridslaa.nl\/de\/13-und-14-juni-menna-kruiswijk\/","og_locale":"de_DE","og_type":"article","og_title":"13. und 14. Juni: Menna Kruiswijk - Ingrid Slaa","og_description":"13. und 14. Juni Duo-Ausstellung mit Gedichten von Philipine Vinke und visuellen Geschichten von Menna Kruiswijk.","og_url":"https:\/\/www.ingridslaa.nl\/de\/13-und-14-juni-menna-kruiswijk\/","og_site_name":"Ingrid Slaa","article_published_time":"2026-04-21T16:55:05+00:00","article_modified_time":"2026-04-29T19:48:58+00:00","og_image":[{"width":725,"height":1029,"url":"https:\/\/www.ingridslaa.nl\/wp-content\/uploads\/2026\/04\/Ik-ben-jurk-2.jpg","type":"image\/jpeg"}],"author":"I Slaa","twitter_card":"summary_large_image","twitter_misc":{"Verfasst von":false,"Gesch\u00e4tzte Lesezeit":"5\u00a0Minuten"},"schema":{"@context":"https:\/\/schema.org","@graph":[{"@type":"Article","@id":"https:\/\/www.ingridslaa.nl\/de\/13-und-14-juni-menna-kruiswijk\/#article","isPartOf":{"@id":"https:\/\/www.ingridslaa.nl\/de\/13-und-14-juni-menna-kruiswijk\/"},"author":{"name":"I Slaa","@id":"https:\/\/www.ingridslaa.nl\/de\/#\/schema\/person\/3659b67200290459d0171e1aa3f5fb63"},"headline":"13. und 14. Juni: Menna Kruiswijk","datePublished":"2026-04-21T16:55:05+00:00","dateModified":"2026-04-29T19:48:58+00:00","mainEntityOfPage":{"@id":"https:\/\/www.ingridslaa.nl\/de\/13-und-14-juni-menna-kruiswijk\/"},"wordCount":841,"image":{"@id":"https:\/\/www.ingridslaa.nl\/de\/13-und-14-juni-menna-kruiswijk\/#primaryimage"},"thumbnailUrl":"https:\/\/www.ingridslaa.nl\/wp-content\/uploads\/2026\/04\/Ik-ben-jurk-2.jpg","articleSection":["Gastk\u00fcnstler"],"inLanguage":"de"},{"@type":"WebPage","@id":"https:\/\/www.ingridslaa.nl\/de\/13-und-14-juni-menna-kruiswijk\/","url":"https:\/\/www.ingridslaa.nl\/de\/13-und-14-juni-menna-kruiswijk\/","name":"13. und 14. Juni: Menna Kruiswijk - Ingrid Slaa","isPartOf":{"@id":"https:\/\/www.ingridslaa.nl\/de\/#website"},"primaryImageOfPage":{"@id":"https:\/\/www.ingridslaa.nl\/de\/13-und-14-juni-menna-kruiswijk\/#primaryimage"},"image":{"@id":"https:\/\/www.ingridslaa.nl\/de\/13-und-14-juni-menna-kruiswijk\/#primaryimage"},"thumbnailUrl":"https:\/\/www.ingridslaa.nl\/wp-content\/uploads\/2026\/04\/Ik-ben-jurk-2.jpg","datePublished":"2026-04-21T16:55:05+00:00","dateModified":"2026-04-29T19:48:58+00:00","author":{"@id":"https:\/\/www.ingridslaa.nl\/de\/#\/schema\/person\/3659b67200290459d0171e1aa3f5fb63"},"breadcrumb":{"@id":"https:\/\/www.ingridslaa.nl\/de\/13-und-14-juni-menna-kruiswijk\/#breadcrumb"},"inLanguage":"de","potentialAction":[{"@type":"ReadAction","target":["https:\/\/www.ingridslaa.nl\/de\/13-und-14-juni-menna-kruiswijk\/"]}]},{"@type":"ImageObject","inLanguage":"de","@id":"https:\/\/www.ingridslaa.nl\/de\/13-und-14-juni-menna-kruiswijk\/#primaryimage","url":"https:\/\/www.ingridslaa.nl\/wp-content\/uploads\/2026\/04\/Ik-ben-jurk-2.jpg","contentUrl":"https:\/\/www.ingridslaa.nl\/wp-content\/uploads\/2026\/04\/Ik-ben-jurk-2.jpg","width":725,"height":1029},{"@type":"BreadcrumbList","@id":"https:\/\/www.ingridslaa.nl\/de\/13-und-14-juni-menna-kruiswijk\/#breadcrumb","itemListElement":[{"@type":"ListItem","position":1,"name":"Home","item":"https:\/\/www.ingridslaa.nl\/de\/startseite\/"},{"@type":"ListItem","position":2,"name":"13. und 14. Juni: Menna Kruiswijk"}]},{"@type":"WebSite","@id":"https:\/\/www.ingridslaa.nl\/de\/#website","url":"https:\/\/www.ingridslaa.nl\/de\/","name":"Ingrid Slaa","description":"","potentialAction":[{"@type":"SearchAction","target":{"@type":"EntryPoint","urlTemplate":"https:\/\/www.ingridslaa.nl\/de\/?s={search_term_string}"},"query-input":{"@type":"PropertyValueSpecification","valueRequired":true,"valueName":"search_term_string"}}],"inLanguage":"de"},{"@type":"Person","@id":"https:\/\/www.ingridslaa.nl\/de\/#\/schema\/person\/3659b67200290459d0171e1aa3f5fb63","name":"I Slaa","image":{"@type":"ImageObject","inLanguage":"de","@id":"https:\/\/secure.gravatar.com\/avatar\/0aba7f5926f83ff32d8a0d9922ad8e1c5d10d06c3fccea95ab0fc464d6ee14dc?s=96&d=mm&r=g","url":"https:\/\/secure.gravatar.com\/avatar\/0aba7f5926f83ff32d8a0d9922ad8e1c5d10d06c3fccea95ab0fc464d6ee14dc?s=96&d=mm&r=g","contentUrl":"https:\/\/secure.gravatar.com\/avatar\/0aba7f5926f83ff32d8a0d9922ad8e1c5d10d06c3fccea95ab0fc464d6ee14dc?s=96&d=mm&r=g","caption":"I Slaa"},"url":"https:\/\/www.ingridslaa.nl\/de\/author\/slaaingmar_36\/"}]}},"_links":{"self":[{"href":"https:\/\/www.ingridslaa.nl\/de\/wp-json\/wp\/v2\/posts\/22097","targetHints":{"allow":["GET"]}}],"collection":[{"href":"https:\/\/www.ingridslaa.nl\/de\/wp-json\/wp\/v2\/posts"}],"about":[{"href":"https:\/\/www.ingridslaa.nl\/de\/wp-json\/wp\/v2\/types\/post"}],"author":[{"embeddable":true,"href":"https:\/\/www.ingridslaa.nl\/de\/wp-json\/wp\/v2\/users\/3"}],"replies":[{"embeddable":true,"href":"https:\/\/www.ingridslaa.nl\/de\/wp-json\/wp\/v2\/comments?post=22097"}],"version-history":[{"count":12,"href":"https:\/\/www.ingridslaa.nl\/de\/wp-json\/wp\/v2\/posts\/22097\/revisions"}],"predecessor-version":[{"id":22123,"href":"https:\/\/www.ingridslaa.nl\/de\/wp-json\/wp\/v2\/posts\/22097\/revisions\/22123"}],"wp:featuredmedia":[{"embeddable":true,"href":"https:\/\/www.ingridslaa.nl\/de\/wp-json\/wp\/v2\/media\/22102"}],"wp:attachment":[{"href":"https:\/\/www.ingridslaa.nl\/de\/wp-json\/wp\/v2\/media?parent=22097"}],"wp:term":[{"taxonomy":"category","embeddable":true,"href":"https:\/\/www.ingridslaa.nl\/de\/wp-json\/wp\/v2\/categories?post=22097"},{"taxonomy":"post_tag","embeddable":true,"href":"https:\/\/www.ingridslaa.nl\/de\/wp-json\/wp\/v2\/tags?post=22097"}],"curies":[{"name":"wp","href":"https:\/\/api.w.org\/{rel}","templated":true}]}}