{"id":8735,"date":"2024-11-23T14:15:01","date_gmt":"2024-11-23T12:15:01","guid":{"rendered":"https:\/\/www.ingridslaa.nl\/jaap-slaa\/"},"modified":"2025-01-13T22:21:42","modified_gmt":"2025-01-13T20:21:42","slug":"jaap-slaa","status":"publish","type":"post","link":"https:\/\/www.ingridslaa.nl\/de\/jaap-slaa\/","title":{"rendered":"9. und 10. November 2024: Jaap Slaa, Duo-Ausstellung mit Elt de Boer"},"content":{"rendered":"<div  class='flex_column av-38xocy-9d13df2e5391e5cced0479f83d653c32 av_one_full  avia-builder-el-0  el_before_av_heading  avia-builder-el-first  first flex_column_div  '     ><\/div>\n\n<style type=\"text\/css\" data-created_by=\"avia_inline_auto\" id=\"style-css-av-m5vhocbs-8e2db32f81d93eee86e83dd7b0150b07\">\n#top .av-special-heading.av-m5vhocbs-8e2db32f81d93eee86e83dd7b0150b07{\npadding-bottom:10px;\n}\nbody .av-special-heading.av-m5vhocbs-8e2db32f81d93eee86e83dd7b0150b07 .av-special-heading-tag .heading-char{\nfont-size:25px;\n}\n.av-special-heading.av-m5vhocbs-8e2db32f81d93eee86e83dd7b0150b07 .av-subheading{\nfont-size:15px;\n}\n<\/style>\n<div  class='av-special-heading av-m5vhocbs-8e2db32f81d93eee86e83dd7b0150b07 av-special-heading-h3  avia-builder-el-1  el_after_av_one_full  el_before_av_textblock '><h3 class='av-special-heading-tag '  itemprop=\"headline\"  >Jaap Slaa<\/h3><div class=\"special-heading-border\"><div class=\"special-heading-inner-border\"><\/div><\/div><\/div>\n<section  class='av_textblock_section av-l7s1ac9x-34ea17b12a376baddc4b9cbc3557fc68 '   itemscope=\"itemscope\" itemtype=\"https:\/\/schema.org\/BlogPosting\" itemprop=\"blogPost\" ><div class='avia_textblock'  itemprop=\"text\" ><p><strong>9. und 10. November 2024 Jaap Slaa, Malerei, zusammen mit Elt de Boer, Keramik, stellten in der Galerie aus.<\/strong><\/p>\n<p>Malerei, Architektur und Poesie<\/p>\n<p>Schon w\u00e4hrend seines Studiums an der Akademie f\u00fcr Architektur entdeckte Jaap Slaa die Freude am Malen, am freien Ausdruck.<\/p>\n<p>Jaap ist seit etwa 30 Jahren als Architekt t\u00e4tig und hat inzwischen eine Vielzahl von Bauwerken realisiert. Dabei bestimmen immer Vorgaben des Auftraggebers, der Umwelt oder des Gesetzgebers die Grenzen mit, innerhalb derer gestaltet werden kann.<\/p>\n<p>Da Jaap den freien Ausdruck immer mehr vermisste, malt er seit einigen Jahren ernsthaft. Er zieht es vor, Acrylfarbe auf gro\u00dfe Leinw\u00e4nde, aber auch auf Holzplatten oder Holzbl\u00f6cke aufzutragen. Sein Stil ist meist abstrakt. Es ist ein Werk, das die Freiheit von Farbe und Form ausnutzt. H\u00e4ufig wird auf die Architektur Bezug genommen. Die Gem\u00e4lde werden Schicht f\u00fcr Schicht aufgebaut, wobei der Prozess das Endergebnis bestimmt.<\/p>\n<p>Seine Liebe zur Poesie spiegelt sich in den Titeln der Werke wider.<\/p>\n<p><strong>\u00d6ffnungszeiten: von 11 Uhr bis 16 Uhr.<\/strong><\/p>\n<\/div><\/section>\n\n<style type=\"text\/css\" data-created_by=\"avia_inline_auto\" id=\"style-css-av-l7s1bkec-c0de2b7e219961bc75ffdcee542d0a70\">\n#top .avia-gallery.av-l7s1bkec-c0de2b7e219961bc75ffdcee542d0a70 .avia-gallery-thumb a{\nwidth:20%;\n}\n<\/style>\n<div  class='avia-gallery av-l7s1bkec-c0de2b7e219961bc75ffdcee542d0a70 avia_animate_when_visible  avia-builder-el-3  el_after_av_textblock  avia-builder-el-last  avia_lazyload avia-gallery-animate avia-gallery-1'  itemprop=\"image\" itemscope=\"itemscope\" itemtype=\"https:\/\/schema.org\/ImageObject\" ><meta itemprop=\"contentURL\" content=\"https:\/\/www.ingridslaa.nl\/de\/jaap-slaa\/\"><div class='avia-gallery-thumb'><a href=\"https:\/\/www.ingridslaa.nl\/wp-content\/uploads\/2022\/09\/Jaap-Slaa-achterkant.jpg\" data-srcset=\"https:\/\/www.ingridslaa.nl\/wp-content\/uploads\/2022\/09\/Jaap-Slaa-achterkant.jpg 1025w, https:\/\/www.ingridslaa.nl\/wp-content\/uploads\/2022\/09\/Jaap-Slaa-achterkant-300x199.jpg 300w, https:\/\/www.ingridslaa.nl\/wp-content\/uploads\/2022\/09\/Jaap-Slaa-achterkant-768x510.jpg 768w, https:\/\/www.ingridslaa.nl\/wp-content\/uploads\/2022\/09\/Jaap-Slaa-achterkant-705x468.jpg 705w\" data-sizes=\"(max-width: 1025px) 100vw, 1025px\" data-rel='gallery-1' data-prev-img='https:\/\/www.ingridslaa.nl\/wp-content\/uploads\/2022\/09\/Jaap-Slaa-achterkant-495x400.jpg' class='first_thumb lightbox ' data-onclick='1' title='Jaap Slaa 1'  itemprop=\"thumbnailUrl\"  ><img decoding=\"async\" fetchpriority=\"high\" class=\"wp-image-8179 avia-img-lazy-loading-not-8179\"   src=\"https:\/\/www.ingridslaa.nl\/wp-content\/uploads\/2022\/09\/Jaap-Slaa-achterkant-495x400.jpg\" width=\"495\" height=\"400\"  title='Jaap Slaa 1' alt='' srcset=\"https:\/\/www.ingridslaa.nl\/wp-content\/uploads\/2022\/09\/Jaap-Slaa-achterkant-495x400.jpg 495w, https:\/\/www.ingridslaa.nl\/wp-content\/uploads\/2022\/09\/Jaap-Slaa-achterkant-845x681.jpg 845w\" sizes=\"(max-width: 495px) 100vw, 495px\" \/><div class='big-prev-fake'><img decoding=\"async\" loading=\"lazy\" class=\"wp-image-8179 avia-img-lazy-loading-8179\"  width=\"495\" height=\"400\" src=\"https:\/\/www.ingridslaa.nl\/wp-content\/uploads\/2022\/09\/Jaap-Slaa-achterkant-495x400.jpg\" title='Jaap Slaa 1' alt='' srcset=\"https:\/\/www.ingridslaa.nl\/wp-content\/uploads\/2022\/09\/Jaap-Slaa-achterkant-495x400.jpg 495w, https:\/\/www.ingridslaa.nl\/wp-content\/uploads\/2022\/09\/Jaap-Slaa-achterkant-845x681.jpg 845w\" sizes=\"auto, (max-width: 495px) 100vw, 495px\" \/><\/div><\/a><a href=\"https:\/\/www.ingridslaa.nl\/wp-content\/uploads\/2022\/09\/Jaap-Slaa-voorkant-684x1030.jpg\" data-rel='gallery-1' data-prev-img='https:\/\/www.ingridslaa.nl\/wp-content\/uploads\/2022\/09\/Jaap-Slaa-voorkant-e1662581171845-495x400.jpg' class='lightbox ' data-onclick='2' title='Jaap Slaa 2'  itemprop=\"thumbnailUrl\"  ><img decoding=\"async\" fetchpriority=\"high\" class=\"wp-image-8183 avia-img-lazy-loading-not-8183\"   src=\"https:\/\/www.ingridslaa.nl\/wp-content\/uploads\/2022\/09\/Jaap-Slaa-voorkant-e1662581171845-495x400.jpg\" width=\"495\" height=\"400\"  title='Jaap Slaa 2' alt='' \/><div class='big-prev-fake'><img decoding=\"async\" loading=\"lazy\" class=\"wp-image-8183 avia-img-lazy-loading-8183\"  width=\"495\" height=\"400\" src=\"https:\/\/www.ingridslaa.nl\/wp-content\/uploads\/2022\/09\/Jaap-Slaa-voorkant-e1662581171845-495x400.jpg\" title='Jaap Slaa 2' alt='' \/><\/div><\/a><a href=\"https:\/\/www.ingridslaa.nl\/wp-content\/uploads\/2022\/09\/Jaap-Slaa-2-684x1030.jpg\" data-srcset=\"https:\/\/www.ingridslaa.nl\/wp-content\/uploads\/2022\/09\/Jaap-Slaa-2-684x1030.jpg 684w, https:\/\/www.ingridslaa.nl\/wp-content\/uploads\/2022\/09\/Jaap-Slaa-2-199x300.jpg 199w, https:\/\/www.ingridslaa.nl\/wp-content\/uploads\/2022\/09\/Jaap-Slaa-2-468x705.jpg 468w, https:\/\/www.ingridslaa.nl\/wp-content\/uploads\/2022\/09\/Jaap-Slaa-2.jpg 725w\" data-sizes=\"(max-width: 684px) 100vw, 684px\" data-rel='gallery-1' data-prev-img='https:\/\/www.ingridslaa.nl\/wp-content\/uploads\/2022\/09\/Jaap-Slaa-2-495x400.jpg' class='lightbox ' data-onclick='3' title='Jaap Slaa 3'  itemprop=\"thumbnailUrl\"  ><img decoding=\"async\" fetchpriority=\"high\" class=\"wp-image-8177 avia-img-lazy-loading-not-8177\"   src=\"https:\/\/www.ingridslaa.nl\/wp-content\/uploads\/2022\/09\/Jaap-Slaa-2-495x400.jpg\" width=\"495\" height=\"400\"  title='Jaap Slaa 3' alt='' \/><div class='big-prev-fake'><img decoding=\"async\" loading=\"lazy\" class=\"wp-image-8177 avia-img-lazy-loading-8177\"  width=\"495\" height=\"400\" src=\"https:\/\/www.ingridslaa.nl\/wp-content\/uploads\/2022\/09\/Jaap-Slaa-2-495x400.jpg\" title='Jaap Slaa 3' alt='' \/><\/div><\/a><a href=\"https:\/\/www.ingridslaa.nl\/wp-content\/uploads\/2022\/09\/Jaap-Slaa-1.jpg\" data-srcset=\"https:\/\/www.ingridslaa.nl\/wp-content\/uploads\/2022\/09\/Jaap-Slaa-1.jpg 1025w, https:\/\/www.ingridslaa.nl\/wp-content\/uploads\/2022\/09\/Jaap-Slaa-1-300x258.jpg 300w, https:\/\/www.ingridslaa.nl\/wp-content\/uploads\/2022\/09\/Jaap-Slaa-1-768x661.jpg 768w, https:\/\/www.ingridslaa.nl\/wp-content\/uploads\/2022\/09\/Jaap-Slaa-1-705x607.jpg 705w\" data-sizes=\"(max-width: 1025px) 100vw, 1025px\" data-rel='gallery-1' data-prev-img='https:\/\/www.ingridslaa.nl\/wp-content\/uploads\/2022\/09\/Jaap-Slaa-1-495x400.jpg' class='lightbox ' data-onclick='4' title='Jaap Slaa 4'  itemprop=\"thumbnailUrl\"  ><img decoding=\"async\" fetchpriority=\"high\" class=\"wp-image-8175 avia-img-lazy-loading-not-8175\"   src=\"https:\/\/www.ingridslaa.nl\/wp-content\/uploads\/2022\/09\/Jaap-Slaa-1-495x400.jpg\" width=\"495\" height=\"400\"  title='Jaap Slaa 4' alt='' srcset=\"https:\/\/www.ingridslaa.nl\/wp-content\/uploads\/2022\/09\/Jaap-Slaa-1-495x400.jpg 495w, https:\/\/www.ingridslaa.nl\/wp-content\/uploads\/2022\/09\/Jaap-Slaa-1-845x684.jpg 845w\" sizes=\"(max-width: 495px) 100vw, 495px\" \/><div class='big-prev-fake'><img decoding=\"async\" loading=\"lazy\" class=\"wp-image-8175 avia-img-lazy-loading-8175\"  width=\"495\" height=\"400\" src=\"https:\/\/www.ingridslaa.nl\/wp-content\/uploads\/2022\/09\/Jaap-Slaa-1-495x400.jpg\" title='Jaap Slaa 4' alt='' srcset=\"https:\/\/www.ingridslaa.nl\/wp-content\/uploads\/2022\/09\/Jaap-Slaa-1-495x400.jpg 495w, https:\/\/www.ingridslaa.nl\/wp-content\/uploads\/2022\/09\/Jaap-Slaa-1-845x684.jpg 845w\" sizes=\"auto, (max-width: 495px) 100vw, 495px\" \/><\/div><\/a><\/div><\/div>\n","protected":false},"excerpt":{"rendered":"<p>9. und 10. November 2024 Jaap Slaa, Malerei, zusammen mit Elt de Boer, Keramik, stellten in der Galerie aus.<\/p>\n","protected":false},"author":3,"featured_media":15163,"comment_status":"closed","ping_status":"closed","sticky":false,"template":"","format":"standard","meta":{"inline_featured_image":false,"footnotes":""},"categories":[94],"tags":[],"class_list":["post-8735","post","type-post","status-publish","format-standard","has-post-thumbnail","hentry","category-archiv-der-gastkunstler"],"yoast_head":"<!-- This site is optimized with the Yoast SEO plugin v27.5 - https:\/\/yoast.com\/product\/yoast-seo-wordpress\/ -->\n<title>9. und 10. November 2024: Jaap Slaa, Duo-Ausstellung mit Elt de Boer - Ingrid Slaa<\/title>\n<meta name=\"robots\" content=\"index, follow, max-snippet:-1, max-image-preview:large, max-video-preview:-1\" \/>\n<link rel=\"canonical\" href=\"https:\/\/www.ingridslaa.nl\/de\/jaap-slaa\/\" \/>\n<meta property=\"og:locale\" content=\"de_DE\" \/>\n<meta property=\"og:type\" content=\"article\" \/>\n<meta property=\"og:title\" content=\"9. und 10. November 2024: Jaap Slaa, Duo-Ausstellung mit Elt de Boer - Ingrid Slaa\" \/>\n<meta property=\"og:description\" content=\"9. und 10. November 2024 Jaap Slaa, Malerei, zusammen mit Elt de Boer, Keramik, stellten in der Galerie aus.\" \/>\n<meta property=\"og:url\" content=\"https:\/\/www.ingridslaa.nl\/de\/jaap-slaa\/\" \/>\n<meta property=\"og:site_name\" content=\"Ingrid Slaa\" \/>\n<meta property=\"article:published_time\" content=\"2024-11-23T12:15:01+00:00\" \/>\n<meta property=\"article:modified_time\" content=\"2025-01-13T20:21:42+00:00\" \/>\n<meta property=\"og:image\" content=\"https:\/\/www.ingridslaa.nl\/wp-content\/uploads\/2024\/04\/Jaap-Slaa.jpg\" \/>\n\t<meta property=\"og:image:width\" content=\"1025\" \/>\n\t<meta property=\"og:image:height\" content=\"577\" \/>\n\t<meta property=\"og:image:type\" content=\"image\/jpeg\" \/>\n<meta name=\"author\" content=\"I Slaa\" \/>\n<meta name=\"twitter:card\" content=\"summary_large_image\" \/>\n<meta name=\"twitter:label1\" content=\"Verfasst von\" \/>\n\t<meta name=\"twitter:data1\" content=\"\" \/>\n\t<meta name=\"twitter:label2\" content=\"Gesch\u00e4tzte Lesezeit\" \/>\n\t<meta name=\"twitter:data2\" content=\"5\u00a0Minuten\" \/>\n<script type=\"application\/ld+json\" class=\"yoast-schema-graph\">{\"@context\":\"https:\\\/\\\/schema.org\",\"@graph\":[{\"@type\":\"Article\",\"@id\":\"https:\\\/\\\/www.ingridslaa.nl\\\/de\\\/jaap-slaa\\\/#article\",\"isPartOf\":{\"@id\":\"https:\\\/\\\/www.ingridslaa.nl\\\/de\\\/jaap-slaa\\\/\"},\"author\":{\"name\":\"I Slaa\",\"@id\":\"https:\\\/\\\/www.ingridslaa.nl\\\/de\\\/#\\\/schema\\\/person\\\/3659b67200290459d0171e1aa3f5fb63\"},\"headline\":\"9. und 10. November 2024: Jaap Slaa, Duo-Ausstellung mit Elt de Boer\",\"datePublished\":\"2024-11-23T12:15:01+00:00\",\"dateModified\":\"2025-01-13T20:21:42+00:00\",\"mainEntityOfPage\":{\"@id\":\"https:\\\/\\\/www.ingridslaa.nl\\\/de\\\/jaap-slaa\\\/\"},\"wordCount\":757,\"image\":{\"@id\":\"https:\\\/\\\/www.ingridslaa.nl\\\/de\\\/jaap-slaa\\\/#primaryimage\"},\"thumbnailUrl\":\"https:\\\/\\\/www.ingridslaa.nl\\\/wp-content\\\/uploads\\\/2024\\\/04\\\/Jaap-Slaa.jpg\",\"articleSection\":[\"Archiv der Gastk\u00fcnstler\"],\"inLanguage\":\"de\"},{\"@type\":\"WebPage\",\"@id\":\"https:\\\/\\\/www.ingridslaa.nl\\\/de\\\/jaap-slaa\\\/\",\"url\":\"https:\\\/\\\/www.ingridslaa.nl\\\/de\\\/jaap-slaa\\\/\",\"name\":\"9. und 10. November 2024: Jaap Slaa, Duo-Ausstellung mit Elt de Boer - Ingrid Slaa\",\"isPartOf\":{\"@id\":\"https:\\\/\\\/www.ingridslaa.nl\\\/de\\\/#website\"},\"primaryImageOfPage\":{\"@id\":\"https:\\\/\\\/www.ingridslaa.nl\\\/de\\\/jaap-slaa\\\/#primaryimage\"},\"image\":{\"@id\":\"https:\\\/\\\/www.ingridslaa.nl\\\/de\\\/jaap-slaa\\\/#primaryimage\"},\"thumbnailUrl\":\"https:\\\/\\\/www.ingridslaa.nl\\\/wp-content\\\/uploads\\\/2024\\\/04\\\/Jaap-Slaa.jpg\",\"datePublished\":\"2024-11-23T12:15:01+00:00\",\"dateModified\":\"2025-01-13T20:21:42+00:00\",\"author\":{\"@id\":\"https:\\\/\\\/www.ingridslaa.nl\\\/de\\\/#\\\/schema\\\/person\\\/3659b67200290459d0171e1aa3f5fb63\"},\"breadcrumb\":{\"@id\":\"https:\\\/\\\/www.ingridslaa.nl\\\/de\\\/jaap-slaa\\\/#breadcrumb\"},\"inLanguage\":\"de\",\"potentialAction\":[{\"@type\":\"ReadAction\",\"target\":[\"https:\\\/\\\/www.ingridslaa.nl\\\/de\\\/jaap-slaa\\\/\"]}]},{\"@type\":\"ImageObject\",\"inLanguage\":\"de\",\"@id\":\"https:\\\/\\\/www.ingridslaa.nl\\\/de\\\/jaap-slaa\\\/#primaryimage\",\"url\":\"https:\\\/\\\/www.ingridslaa.nl\\\/wp-content\\\/uploads\\\/2024\\\/04\\\/Jaap-Slaa.jpg\",\"contentUrl\":\"https:\\\/\\\/www.ingridslaa.nl\\\/wp-content\\\/uploads\\\/2024\\\/04\\\/Jaap-Slaa.jpg\",\"width\":1025,\"height\":577},{\"@type\":\"BreadcrumbList\",\"@id\":\"https:\\\/\\\/www.ingridslaa.nl\\\/de\\\/jaap-slaa\\\/#breadcrumb\",\"itemListElement\":[{\"@type\":\"ListItem\",\"position\":1,\"name\":\"Home\",\"item\":\"https:\\\/\\\/www.ingridslaa.nl\\\/de\\\/startseite\\\/\"},{\"@type\":\"ListItem\",\"position\":2,\"name\":\"9. und 10. November 2024: Jaap Slaa, Duo-Ausstellung mit Elt de Boer\"}]},{\"@type\":\"WebSite\",\"@id\":\"https:\\\/\\\/www.ingridslaa.nl\\\/de\\\/#website\",\"url\":\"https:\\\/\\\/www.ingridslaa.nl\\\/de\\\/\",\"name\":\"Ingrid Slaa\",\"description\":\"\",\"potentialAction\":[{\"@type\":\"SearchAction\",\"target\":{\"@type\":\"EntryPoint\",\"urlTemplate\":\"https:\\\/\\\/www.ingridslaa.nl\\\/de\\\/?s={search_term_string}\"},\"query-input\":{\"@type\":\"PropertyValueSpecification\",\"valueRequired\":true,\"valueName\":\"search_term_string\"}}],\"inLanguage\":\"de\"},{\"@type\":\"Person\",\"@id\":\"https:\\\/\\\/www.ingridslaa.nl\\\/de\\\/#\\\/schema\\\/person\\\/3659b67200290459d0171e1aa3f5fb63\",\"name\":\"I Slaa\",\"image\":{\"@type\":\"ImageObject\",\"inLanguage\":\"de\",\"@id\":\"https:\\\/\\\/secure.gravatar.com\\\/avatar\\\/0aba7f5926f83ff32d8a0d9922ad8e1c5d10d06c3fccea95ab0fc464d6ee14dc?s=96&d=mm&r=g\",\"url\":\"https:\\\/\\\/secure.gravatar.com\\\/avatar\\\/0aba7f5926f83ff32d8a0d9922ad8e1c5d10d06c3fccea95ab0fc464d6ee14dc?s=96&d=mm&r=g\",\"contentUrl\":\"https:\\\/\\\/secure.gravatar.com\\\/avatar\\\/0aba7f5926f83ff32d8a0d9922ad8e1c5d10d06c3fccea95ab0fc464d6ee14dc?s=96&d=mm&r=g\",\"caption\":\"I Slaa\"},\"url\":\"https:\\\/\\\/www.ingridslaa.nl\\\/de\\\/author\\\/slaaingmar_36\\\/\"}]}<\/script>\n<!-- \/ Yoast SEO plugin. -->","yoast_head_json":{"title":"9. und 10. November 2024: Jaap Slaa, Duo-Ausstellung mit Elt de Boer - Ingrid Slaa","robots":{"index":"index","follow":"follow","max-snippet":"max-snippet:-1","max-image-preview":"max-image-preview:large","max-video-preview":"max-video-preview:-1"},"canonical":"https:\/\/www.ingridslaa.nl\/de\/jaap-slaa\/","og_locale":"de_DE","og_type":"article","og_title":"9. und 10. November 2024: Jaap Slaa, Duo-Ausstellung mit Elt de Boer - Ingrid Slaa","og_description":"9. und 10. November 2024 Jaap Slaa, Malerei, zusammen mit Elt de Boer, Keramik, stellten in der Galerie aus.","og_url":"https:\/\/www.ingridslaa.nl\/de\/jaap-slaa\/","og_site_name":"Ingrid Slaa","article_published_time":"2024-11-23T12:15:01+00:00","article_modified_time":"2025-01-13T20:21:42+00:00","og_image":[{"width":1025,"height":577,"url":"https:\/\/www.ingridslaa.nl\/wp-content\/uploads\/2024\/04\/Jaap-Slaa.jpg","type":"image\/jpeg"}],"author":"I Slaa","twitter_card":"summary_large_image","twitter_misc":{"Verfasst von":false,"Gesch\u00e4tzte Lesezeit":"5\u00a0Minuten"},"schema":{"@context":"https:\/\/schema.org","@graph":[{"@type":"Article","@id":"https:\/\/www.ingridslaa.nl\/de\/jaap-slaa\/#article","isPartOf":{"@id":"https:\/\/www.ingridslaa.nl\/de\/jaap-slaa\/"},"author":{"name":"I Slaa","@id":"https:\/\/www.ingridslaa.nl\/de\/#\/schema\/person\/3659b67200290459d0171e1aa3f5fb63"},"headline":"9. und 10. November 2024: Jaap Slaa, Duo-Ausstellung mit Elt de Boer","datePublished":"2024-11-23T12:15:01+00:00","dateModified":"2025-01-13T20:21:42+00:00","mainEntityOfPage":{"@id":"https:\/\/www.ingridslaa.nl\/de\/jaap-slaa\/"},"wordCount":757,"image":{"@id":"https:\/\/www.ingridslaa.nl\/de\/jaap-slaa\/#primaryimage"},"thumbnailUrl":"https:\/\/www.ingridslaa.nl\/wp-content\/uploads\/2024\/04\/Jaap-Slaa.jpg","articleSection":["Archiv der Gastk\u00fcnstler"],"inLanguage":"de"},{"@type":"WebPage","@id":"https:\/\/www.ingridslaa.nl\/de\/jaap-slaa\/","url":"https:\/\/www.ingridslaa.nl\/de\/jaap-slaa\/","name":"9. und 10. November 2024: Jaap Slaa, Duo-Ausstellung mit Elt de Boer - Ingrid Slaa","isPartOf":{"@id":"https:\/\/www.ingridslaa.nl\/de\/#website"},"primaryImageOfPage":{"@id":"https:\/\/www.ingridslaa.nl\/de\/jaap-slaa\/#primaryimage"},"image":{"@id":"https:\/\/www.ingridslaa.nl\/de\/jaap-slaa\/#primaryimage"},"thumbnailUrl":"https:\/\/www.ingridslaa.nl\/wp-content\/uploads\/2024\/04\/Jaap-Slaa.jpg","datePublished":"2024-11-23T12:15:01+00:00","dateModified":"2025-01-13T20:21:42+00:00","author":{"@id":"https:\/\/www.ingridslaa.nl\/de\/#\/schema\/person\/3659b67200290459d0171e1aa3f5fb63"},"breadcrumb":{"@id":"https:\/\/www.ingridslaa.nl\/de\/jaap-slaa\/#breadcrumb"},"inLanguage":"de","potentialAction":[{"@type":"ReadAction","target":["https:\/\/www.ingridslaa.nl\/de\/jaap-slaa\/"]}]},{"@type":"ImageObject","inLanguage":"de","@id":"https:\/\/www.ingridslaa.nl\/de\/jaap-slaa\/#primaryimage","url":"https:\/\/www.ingridslaa.nl\/wp-content\/uploads\/2024\/04\/Jaap-Slaa.jpg","contentUrl":"https:\/\/www.ingridslaa.nl\/wp-content\/uploads\/2024\/04\/Jaap-Slaa.jpg","width":1025,"height":577},{"@type":"BreadcrumbList","@id":"https:\/\/www.ingridslaa.nl\/de\/jaap-slaa\/#breadcrumb","itemListElement":[{"@type":"ListItem","position":1,"name":"Home","item":"https:\/\/www.ingridslaa.nl\/de\/startseite\/"},{"@type":"ListItem","position":2,"name":"9. und 10. November 2024: Jaap Slaa, Duo-Ausstellung mit Elt de Boer"}]},{"@type":"WebSite","@id":"https:\/\/www.ingridslaa.nl\/de\/#website","url":"https:\/\/www.ingridslaa.nl\/de\/","name":"Ingrid Slaa","description":"","potentialAction":[{"@type":"SearchAction","target":{"@type":"EntryPoint","urlTemplate":"https:\/\/www.ingridslaa.nl\/de\/?s={search_term_string}"},"query-input":{"@type":"PropertyValueSpecification","valueRequired":true,"valueName":"search_term_string"}}],"inLanguage":"de"},{"@type":"Person","@id":"https:\/\/www.ingridslaa.nl\/de\/#\/schema\/person\/3659b67200290459d0171e1aa3f5fb63","name":"I Slaa","image":{"@type":"ImageObject","inLanguage":"de","@id":"https:\/\/secure.gravatar.com\/avatar\/0aba7f5926f83ff32d8a0d9922ad8e1c5d10d06c3fccea95ab0fc464d6ee14dc?s=96&d=mm&r=g","url":"https:\/\/secure.gravatar.com\/avatar\/0aba7f5926f83ff32d8a0d9922ad8e1c5d10d06c3fccea95ab0fc464d6ee14dc?s=96&d=mm&r=g","contentUrl":"https:\/\/secure.gravatar.com\/avatar\/0aba7f5926f83ff32d8a0d9922ad8e1c5d10d06c3fccea95ab0fc464d6ee14dc?s=96&d=mm&r=g","caption":"I Slaa"},"url":"https:\/\/www.ingridslaa.nl\/de\/author\/slaaingmar_36\/"}]}},"_links":{"self":[{"href":"https:\/\/www.ingridslaa.nl\/de\/wp-json\/wp\/v2\/posts\/8735","targetHints":{"allow":["GET"]}}],"collection":[{"href":"https:\/\/www.ingridslaa.nl\/de\/wp-json\/wp\/v2\/posts"}],"about":[{"href":"https:\/\/www.ingridslaa.nl\/de\/wp-json\/wp\/v2\/types\/post"}],"author":[{"embeddable":true,"href":"https:\/\/www.ingridslaa.nl\/de\/wp-json\/wp\/v2\/users\/3"}],"replies":[{"embeddable":true,"href":"https:\/\/www.ingridslaa.nl\/de\/wp-json\/wp\/v2\/comments?post=8735"}],"version-history":[{"count":45,"href":"https:\/\/www.ingridslaa.nl\/de\/wp-json\/wp\/v2\/posts\/8735\/revisions"}],"predecessor-version":[{"id":16362,"href":"https:\/\/www.ingridslaa.nl\/de\/wp-json\/wp\/v2\/posts\/8735\/revisions\/16362"}],"wp:featuredmedia":[{"embeddable":true,"href":"https:\/\/www.ingridslaa.nl\/de\/wp-json\/wp\/v2\/media\/15163"}],"wp:attachment":[{"href":"https:\/\/www.ingridslaa.nl\/de\/wp-json\/wp\/v2\/media?parent=8735"}],"wp:term":[{"taxonomy":"category","embeddable":true,"href":"https:\/\/www.ingridslaa.nl\/de\/wp-json\/wp\/v2\/categories?post=8735"},{"taxonomy":"post_tag","embeddable":true,"href":"https:\/\/www.ingridslaa.nl\/de\/wp-json\/wp\/v2\/tags?post=8735"}],"curies":[{"name":"wp","href":"https:\/\/api.w.org\/{rel}","templated":true}]}}