{"id":8752,"date":"2023-08-29T22:34:51","date_gmt":"2023-08-29T20:34:51","guid":{"rendered":"https:\/\/www.ingridslaa.nl\/yvon-velthuijsen\/"},"modified":"2024-04-10T09:46:40","modified_gmt":"2024-04-10T07:46:40","slug":"yvon-velthuijsen","status":"publish","type":"post","link":"https:\/\/www.ingridslaa.nl\/de\/yvon-velthuijsen\/","title":{"rendered":"14. und 15. Oktober 2023: Yvon Velthuijsen"},"content":{"rendered":"<div  class='flex_column av-1u69hr-41e228ee2d1c20e8889c7570a1456092 av_one_full  avia-builder-el-0  el_before_av_heading  avia-builder-el-first  first flex_column_div  '     ><\/div>\n\n<style type=\"text\/css\" data-created_by=\"avia_inline_auto\" id=\"style-css-av-lepu0yus-49a54bcce2735b3f9d472f88c195ec83\">\n#top .av-special-heading.av-lepu0yus-49a54bcce2735b3f9d472f88c195ec83{\npadding-bottom:10px;\n}\nbody .av-special-heading.av-lepu0yus-49a54bcce2735b3f9d472f88c195ec83 .av-special-heading-tag .heading-char{\nfont-size:25px;\n}\n.av-special-heading.av-lepu0yus-49a54bcce2735b3f9d472f88c195ec83 .av-subheading{\nfont-size:15px;\n}\n<\/style>\n<div  class='av-special-heading av-lepu0yus-49a54bcce2735b3f9d472f88c195ec83 av-special-heading-h3  avia-builder-el-1  el_after_av_one_full  el_before_av_textblock '><h3 class='av-special-heading-tag '  itemprop=\"headline\"  >Yvon Velthuijsen<\/h3><div class=\"special-heading-border\"><div class=\"special-heading-inner-border\"><\/div><\/div><\/div>\n<section  class='av_textblock_section av-lepufuzj-ad402d1dbea447d9d48fe9d57b87a96d '   itemscope=\"itemscope\" itemtype=\"https:\/\/schema.org\/BlogPosting\" itemprop=\"blogPost\" ><div class='avia_textblock'  itemprop=\"text\" ><p style=\"text-align: left;\"><strong>Am 14. und 15. Oktober 2023 stellte Yvon Velthuijsen in der Galerie aus.<\/strong><\/p>\n<p>Yvon Velthuijsen fertigt abstrakte Skulpturen aus selbst hergestelltem Filz. Sie erlebt den Filzprozess als Bildhauerei mit Textilien. Der Filz wird durch Reiben nasser, warmer Wolle mit den H\u00e4nden hergestellt. Von der flachen Ebene arbeitet sie sich zu r\u00e4umlichen Formen vor. Sie kombiniert die Wolle mit verschiedenen Materialien wie Fasern, Holz und Eisen. Dabei sucht sie nach Materialkontrasten und der Verschmelzung von Formen und Farben. Die Arbeit muss ausgewogen bleiben, kann aber auch wachsen.<\/p>\n<p>Die Leidenschaft f\u00fcr textile Arbeitsformen wurde in ihrer Familie von Generation zu Generation durch den weiblichen Zweig weitergegeben. Aber auch einige Handwerksklassen in der Schule sind Yvon noch gut in Erinnerung. Einige Techniken, die sie zu Hause und in der Schule gelernt hat, wendet sie bei ihrer Arbeit immer noch an. Und im Laufe der Jahre sind immer wieder neue Techniken hinzugekommen.<\/p>\n<p>Im Jahr 2015 unternahm sie beispielsweise eine Textilreise nach Kirgisistan, wo sie alte Filztechniken erlernte. Und an der Niederl\u00e4ndischen Filzakademie schuf sie abstrakte Textilskulpturen in organischer Form. Diese Bilder geben dem Betrachter die M\u00f6glichkeit, seine eigene Geschichte zu erz\u00e4hlen.<\/p>\n<p>Die Arbeit von der flachen Oberfl\u00e4che bis zum 3D ist f\u00fcr Yvon ein faszinierender Prozess. Kreativit\u00e4t, Technik, aber auch das Zulassen des Zufalls, durch den spontan Formen entstehen, bereiten ihr Freude an ihrer Arbeit. Die Skulpturen laden dazu ein, sich zu bewegen und sie von allen Seiten zu betrachten.<\/p>\n<p><a href=\"http:\/\/www.yvonvelthuijsen.nl\">www.yvonvelthuijsen.nl<\/a><\/p>\n<\/div><\/section>\n\n<style type=\"text\/css\" data-created_by=\"avia_inline_auto\" id=\"style-css-av-lepuh5ql-656635c2f47852c9ce21441b5f2163c7\">\n#top .avia-gallery.av-lepuh5ql-656635c2f47852c9ce21441b5f2163c7 .avia-gallery-thumb a{\nwidth:20%;\n}\n<\/style>\n<div  class='avia-gallery av-lepuh5ql-656635c2f47852c9ce21441b5f2163c7 avia_animate_when_visible  avia-builder-el-3  el_after_av_textblock  avia-builder-el-last  avia_lazyload avia-gallery-animate avia-gallery-1'  itemprop=\"image\" itemscope=\"itemscope\" itemtype=\"https:\/\/schema.org\/ImageObject\" ><meta itemprop=\"contentURL\" content=\"https:\/\/www.ingridslaa.nl\/de\/yvon-velthuijsen\/\"><div class='avia-gallery-thumb'><a href=\"https:\/\/www.ingridslaa.nl\/wp-content\/uploads\/2023\/03\/Yvon-Velthuijsen-portret.jpg\" data-srcset=\"https:\/\/www.ingridslaa.nl\/wp-content\/uploads\/2023\/03\/Yvon-Velthuijsen-portret.jpg 1025w, https:\/\/www.ingridslaa.nl\/wp-content\/uploads\/2023\/03\/Yvon-Velthuijsen-portret-300x295.jpg 300w, https:\/\/www.ingridslaa.nl\/wp-content\/uploads\/2023\/03\/Yvon-Velthuijsen-portret-80x80.jpg 80w, https:\/\/www.ingridslaa.nl\/wp-content\/uploads\/2023\/03\/Yvon-Velthuijsen-portret-768x756.jpg 768w, https:\/\/www.ingridslaa.nl\/wp-content\/uploads\/2023\/03\/Yvon-Velthuijsen-portret-36x36.jpg 36w, https:\/\/www.ingridslaa.nl\/wp-content\/uploads\/2023\/03\/Yvon-Velthuijsen-portret-705x694.jpg 705w\" data-sizes=\"(max-width: 1025px) 100vw, 1025px\" data-rel='gallery-1' data-prev-img='https:\/\/www.ingridslaa.nl\/wp-content\/uploads\/2023\/03\/Yvon-Velthuijsen-portret-495x400.jpg' class='first_thumb lightbox ' data-onclick='1' title='Yvon Velthuijsen portret'  itemprop=\"thumbnailUrl\"  ><img decoding=\"async\" fetchpriority=\"high\" class=\"wp-image-8261 avia-img-lazy-loading-not-8261\"   src=\"https:\/\/www.ingridslaa.nl\/wp-content\/uploads\/2023\/03\/Yvon-Velthuijsen-portret.jpg\" width=\"1025\" height=\"1009\"  title='Yvon Velthuijsen portret' alt='' srcset=\"https:\/\/www.ingridslaa.nl\/wp-content\/uploads\/2023\/03\/Yvon-Velthuijsen-portret.jpg 1025w, https:\/\/www.ingridslaa.nl\/wp-content\/uploads\/2023\/03\/Yvon-Velthuijsen-portret-300x295.jpg 300w, https:\/\/www.ingridslaa.nl\/wp-content\/uploads\/2023\/03\/Yvon-Velthuijsen-portret-80x80.jpg 80w, https:\/\/www.ingridslaa.nl\/wp-content\/uploads\/2023\/03\/Yvon-Velthuijsen-portret-768x756.jpg 768w, https:\/\/www.ingridslaa.nl\/wp-content\/uploads\/2023\/03\/Yvon-Velthuijsen-portret-36x36.jpg 36w, https:\/\/www.ingridslaa.nl\/wp-content\/uploads\/2023\/03\/Yvon-Velthuijsen-portret-705x694.jpg 705w\" sizes=\"(max-width: 1025px) 100vw, 1025px\" \/><div class='big-prev-fake'><img decoding=\"async\" loading=\"lazy\" class=\"wp-image-8261 avia-img-lazy-loading-8261\"  width=\"495\" height=\"400\" src=\"https:\/\/www.ingridslaa.nl\/wp-content\/uploads\/2023\/03\/Yvon-Velthuijsen-portret-495x400.jpg\" title='Yvon Velthuijsen portret' alt='' srcset=\"https:\/\/www.ingridslaa.nl\/wp-content\/uploads\/2023\/03\/Yvon-Velthuijsen-portret-495x400.jpg 495w, https:\/\/www.ingridslaa.nl\/wp-content\/uploads\/2023\/03\/Yvon-Velthuijsen-portret-845x684.jpg 845w\" sizes=\"auto, (max-width: 495px) 100vw, 495px\" \/><\/div><\/a><a href=\"https:\/\/www.ingridslaa.nl\/wp-content\/uploads\/2023\/05\/Yvon-Velthuijsen-4-686x1030.jpg\" data-srcset=\"https:\/\/www.ingridslaa.nl\/wp-content\/uploads\/2023\/05\/Yvon-Velthuijsen-4-686x1030.jpg 686w, https:\/\/www.ingridslaa.nl\/wp-content\/uploads\/2023\/05\/Yvon-Velthuijsen-4-200x300.jpg 200w, https:\/\/www.ingridslaa.nl\/wp-content\/uploads\/2023\/05\/Yvon-Velthuijsen-4-470x705.jpg 470w, https:\/\/www.ingridslaa.nl\/wp-content\/uploads\/2023\/05\/Yvon-Velthuijsen-4.jpg 725w\" data-sizes=\"(max-width: 686px) 100vw, 686px\" data-rel='gallery-1' data-prev-img='https:\/\/www.ingridslaa.nl\/wp-content\/uploads\/2023\/05\/Yvon-Velthuijsen-4-495x400.jpg' class='lightbox ' data-onclick='2' title='Yvon Velthuijsen 4'  itemprop=\"thumbnailUrl\"  ><img decoding=\"async\" fetchpriority=\"high\" class=\"wp-image-11877 avia-img-lazy-loading-not-11877\"   src=\"https:\/\/www.ingridslaa.nl\/wp-content\/uploads\/2023\/05\/Yvon-Velthuijsen-4.jpg\" width=\"725\" height=\"1088\"  title='Yvon Velthuijsen 4' alt='' srcset=\"https:\/\/www.ingridslaa.nl\/wp-content\/uploads\/2023\/05\/Yvon-Velthuijsen-4.jpg 725w, https:\/\/www.ingridslaa.nl\/wp-content\/uploads\/2023\/05\/Yvon-Velthuijsen-4-200x300.jpg 200w, https:\/\/www.ingridslaa.nl\/wp-content\/uploads\/2023\/05\/Yvon-Velthuijsen-4-686x1030.jpg 686w, https:\/\/www.ingridslaa.nl\/wp-content\/uploads\/2023\/05\/Yvon-Velthuijsen-4-470x705.jpg 470w\" sizes=\"(max-width: 725px) 100vw, 725px\" \/><div class='big-prev-fake'><img decoding=\"async\" loading=\"lazy\" class=\"wp-image-11877 avia-img-lazy-loading-11877\"  width=\"495\" height=\"400\" src=\"https:\/\/www.ingridslaa.nl\/wp-content\/uploads\/2023\/05\/Yvon-Velthuijsen-4-495x400.jpg\" title='Yvon Velthuijsen 4' alt='' \/><\/div><\/a><a href=\"https:\/\/www.ingridslaa.nl\/wp-content\/uploads\/2023\/03\/Yvon-Velthuijsen-1.jpg\" data-srcset=\"https:\/\/www.ingridslaa.nl\/wp-content\/uploads\/2023\/03\/Yvon-Velthuijsen-1.jpg 1025w, https:\/\/www.ingridslaa.nl\/wp-content\/uploads\/2023\/03\/Yvon-Velthuijsen-1-300x225.jpg 300w, https:\/\/www.ingridslaa.nl\/wp-content\/uploads\/2023\/03\/Yvon-Velthuijsen-1-768x576.jpg 768w, https:\/\/www.ingridslaa.nl\/wp-content\/uploads\/2023\/03\/Yvon-Velthuijsen-1-705x529.jpg 705w\" data-sizes=\"(max-width: 1025px) 100vw, 1025px\" data-rel='gallery-1' data-prev-img='https:\/\/www.ingridslaa.nl\/wp-content\/uploads\/2023\/03\/Yvon-Velthuijsen-1-495x400.jpg' class='lightbox ' data-onclick='3' title='Yvon Velthuijsen 1'  itemprop=\"thumbnailUrl\"  ><img decoding=\"async\" fetchpriority=\"high\" class=\"wp-image-8257 avia-img-lazy-loading-not-8257\"   src=\"https:\/\/www.ingridslaa.nl\/wp-content\/uploads\/2023\/03\/Yvon-Velthuijsen-1.jpg\" width=\"1025\" height=\"769\"  title='Yvon Velthuijsen 1' alt='' srcset=\"https:\/\/www.ingridslaa.nl\/wp-content\/uploads\/2023\/03\/Yvon-Velthuijsen-1.jpg 1025w, https:\/\/www.ingridslaa.nl\/wp-content\/uploads\/2023\/03\/Yvon-Velthuijsen-1-300x225.jpg 300w, https:\/\/www.ingridslaa.nl\/wp-content\/uploads\/2023\/03\/Yvon-Velthuijsen-1-768x576.jpg 768w, https:\/\/www.ingridslaa.nl\/wp-content\/uploads\/2023\/03\/Yvon-Velthuijsen-1-705x529.jpg 705w\" sizes=\"(max-width: 1025px) 100vw, 1025px\" \/><div class='big-prev-fake'><img decoding=\"async\" loading=\"lazy\" class=\"wp-image-8257 avia-img-lazy-loading-8257\"  width=\"495\" height=\"400\" src=\"https:\/\/www.ingridslaa.nl\/wp-content\/uploads\/2023\/03\/Yvon-Velthuijsen-1-495x400.jpg\" title='Yvon Velthuijsen 1' alt='' srcset=\"https:\/\/www.ingridslaa.nl\/wp-content\/uploads\/2023\/03\/Yvon-Velthuijsen-1-495x400.jpg 495w, https:\/\/www.ingridslaa.nl\/wp-content\/uploads\/2023\/03\/Yvon-Velthuijsen-1-845x684.jpg 845w\" sizes=\"auto, (max-width: 495px) 100vw, 495px\" \/><\/div><\/a><a href=\"https:\/\/www.ingridslaa.nl\/wp-content\/uploads\/2023\/03\/Yvon-Velthuijsen-3-e1677686059456.jpg\" data-srcset=\"https:\/\/www.ingridslaa.nl\/wp-content\/uploads\/2023\/03\/Yvon-Velthuijsen-3-e1677686059456.jpg 694w, https:\/\/www.ingridslaa.nl\/wp-content\/uploads\/2023\/03\/Yvon-Velthuijsen-3-e1677686059456-300x297.jpg 300w, https:\/\/www.ingridslaa.nl\/wp-content\/uploads\/2023\/03\/Yvon-Velthuijsen-3-e1677686059456-80x80.jpg 80w, https:\/\/www.ingridslaa.nl\/wp-content\/uploads\/2023\/03\/Yvon-Velthuijsen-3-e1677686059456-36x36.jpg 36w\" data-sizes=\"(max-width: 694px) 100vw, 694px\" data-rel='gallery-1' data-prev-img='https:\/\/www.ingridslaa.nl\/wp-content\/uploads\/2023\/03\/Yvon-Velthuijsen-3-e1677686059456-495x400.jpg' class='lightbox ' data-onclick='4' title='Yvon Velthuijsen 2'  itemprop=\"thumbnailUrl\"  ><img decoding=\"async\" fetchpriority=\"high\" class=\"wp-image-8259 avia-img-lazy-loading-not-8259\"   src=\"https:\/\/www.ingridslaa.nl\/wp-content\/uploads\/2023\/03\/Yvon-Velthuijsen-3-e1677686059456.jpg\" width=\"694\" height=\"688\"  title='Yvon Velthuijsen 2' alt='' srcset=\"https:\/\/www.ingridslaa.nl\/wp-content\/uploads\/2023\/03\/Yvon-Velthuijsen-3-e1677686059456.jpg 694w, https:\/\/www.ingridslaa.nl\/wp-content\/uploads\/2023\/03\/Yvon-Velthuijsen-3-e1677686059456-300x297.jpg 300w, https:\/\/www.ingridslaa.nl\/wp-content\/uploads\/2023\/03\/Yvon-Velthuijsen-3-e1677686059456-80x80.jpg 80w, https:\/\/www.ingridslaa.nl\/wp-content\/uploads\/2023\/03\/Yvon-Velthuijsen-3-e1677686059456-36x36.jpg 36w\" sizes=\"(max-width: 694px) 100vw, 694px\" \/><div class='big-prev-fake'><img decoding=\"async\" loading=\"lazy\" class=\"wp-image-8259 avia-img-lazy-loading-8259\"  width=\"495\" height=\"400\" src=\"https:\/\/www.ingridslaa.nl\/wp-content\/uploads\/2023\/03\/Yvon-Velthuijsen-3-e1677686059456-495x400.jpg\" title='Yvon Velthuijsen 2' alt='' \/><\/div><\/a><a href=\"https:\/\/www.ingridslaa.nl\/wp-content\/uploads\/2023\/05\/Yvon-Velthuijsen-2-686x1030.jpg\" data-srcset=\"https:\/\/www.ingridslaa.nl\/wp-content\/uploads\/2023\/05\/Yvon-Velthuijsen-2-686x1030.jpg 686w, https:\/\/www.ingridslaa.nl\/wp-content\/uploads\/2023\/05\/Yvon-Velthuijsen-2-200x300.jpg 200w, https:\/\/www.ingridslaa.nl\/wp-content\/uploads\/2023\/05\/Yvon-Velthuijsen-2-470x705.jpg 470w, https:\/\/www.ingridslaa.nl\/wp-content\/uploads\/2023\/05\/Yvon-Velthuijsen-2.jpg 725w\" data-sizes=\"(max-width: 686px) 100vw, 686px\" data-rel='gallery-1' data-prev-img='https:\/\/www.ingridslaa.nl\/wp-content\/uploads\/2023\/05\/Yvon-Velthuijsen-2-495x400.jpg' class='lightbox ' data-onclick='5' title='Yvon Velthuijsen 2'  itemprop=\"thumbnailUrl\"  ><img decoding=\"async\" fetchpriority=\"high\" class=\"wp-image-11874 avia-img-lazy-loading-not-11874\"   src=\"https:\/\/www.ingridslaa.nl\/wp-content\/uploads\/2023\/05\/Yvon-Velthuijsen-2.jpg\" width=\"725\" height=\"1088\"  title='Yvon Velthuijsen 2' alt='' srcset=\"https:\/\/www.ingridslaa.nl\/wp-content\/uploads\/2023\/05\/Yvon-Velthuijsen-2.jpg 725w, https:\/\/www.ingridslaa.nl\/wp-content\/uploads\/2023\/05\/Yvon-Velthuijsen-2-200x300.jpg 200w, https:\/\/www.ingridslaa.nl\/wp-content\/uploads\/2023\/05\/Yvon-Velthuijsen-2-686x1030.jpg 686w, https:\/\/www.ingridslaa.nl\/wp-content\/uploads\/2023\/05\/Yvon-Velthuijsen-2-470x705.jpg 470w\" sizes=\"(max-width: 725px) 100vw, 725px\" \/><div class='big-prev-fake'><img decoding=\"async\" loading=\"lazy\" class=\"wp-image-11874 avia-img-lazy-loading-11874\"  width=\"495\" height=\"400\" src=\"https:\/\/www.ingridslaa.nl\/wp-content\/uploads\/2023\/05\/Yvon-Velthuijsen-2-495x400.jpg\" title='Yvon Velthuijsen 2' alt='' \/><\/div><\/a><\/div><\/div>\n","protected":false},"excerpt":{"rendered":"<p>Am 14. und 15. Oktober 2023 stellte Yvon Velthuijsen in der Galerie aus.<\/p>\n","protected":false},"author":3,"featured_media":8261,"comment_status":"closed","ping_status":"closed","sticky":false,"template":"","format":"standard","meta":{"inline_featured_image":false,"footnotes":""},"categories":[94],"tags":[],"class_list":["post-8752","post","type-post","status-publish","format-standard","has-post-thumbnail","hentry","category-archiv-der-gastkunstler"],"yoast_head":"<!-- This site is optimized with the Yoast SEO plugin v27.5 - https:\/\/yoast.com\/product\/yoast-seo-wordpress\/ -->\n<title>14. und 15. Oktober 2023: Yvon Velthuijsen - Ingrid Slaa<\/title>\n<meta name=\"robots\" content=\"index, follow, max-snippet:-1, max-image-preview:large, max-video-preview:-1\" \/>\n<link rel=\"canonical\" href=\"https:\/\/www.ingridslaa.nl\/de\/yvon-velthuijsen\/\" \/>\n<meta property=\"og:locale\" content=\"de_DE\" \/>\n<meta property=\"og:type\" content=\"article\" \/>\n<meta property=\"og:title\" content=\"14. und 15. Oktober 2023: Yvon Velthuijsen - Ingrid Slaa\" \/>\n<meta property=\"og:description\" content=\"Am 14. und 15. Oktober 2023 stellte Yvon Velthuijsen in der Galerie aus.\" \/>\n<meta property=\"og:url\" content=\"https:\/\/www.ingridslaa.nl\/de\/yvon-velthuijsen\/\" \/>\n<meta property=\"og:site_name\" content=\"Ingrid Slaa\" \/>\n<meta property=\"article:published_time\" content=\"2023-08-29T20:34:51+00:00\" \/>\n<meta property=\"article:modified_time\" content=\"2024-04-10T07:46:40+00:00\" \/>\n<meta property=\"og:image\" content=\"https:\/\/www.ingridslaa.nl\/wp-content\/uploads\/2023\/03\/Yvon-Velthuijsen-portret.jpg\" \/>\n\t<meta property=\"og:image:width\" content=\"1025\" \/>\n\t<meta property=\"og:image:height\" content=\"1009\" \/>\n\t<meta property=\"og:image:type\" content=\"image\/jpeg\" \/>\n<meta name=\"author\" content=\"I Slaa\" \/>\n<meta name=\"twitter:card\" content=\"summary_large_image\" \/>\n<meta name=\"twitter:label1\" content=\"Verfasst von\" \/>\n\t<meta name=\"twitter:data1\" content=\"\" \/>\n\t<meta name=\"twitter:label2\" content=\"Gesch\u00e4tzte Lesezeit\" \/>\n\t<meta name=\"twitter:data2\" content=\"4\u00a0Minuten\" \/>\n<script type=\"application\/ld+json\" class=\"yoast-schema-graph\">{\"@context\":\"https:\\\/\\\/schema.org\",\"@graph\":[{\"@type\":\"Article\",\"@id\":\"https:\\\/\\\/www.ingridslaa.nl\\\/de\\\/yvon-velthuijsen\\\/#article\",\"isPartOf\":{\"@id\":\"https:\\\/\\\/www.ingridslaa.nl\\\/de\\\/yvon-velthuijsen\\\/\"},\"author\":{\"name\":\"I Slaa\",\"@id\":\"https:\\\/\\\/www.ingridslaa.nl\\\/de\\\/#\\\/schema\\\/person\\\/3659b67200290459d0171e1aa3f5fb63\"},\"headline\":\"14. und 15. Oktober 2023: Yvon Velthuijsen\",\"datePublished\":\"2023-08-29T20:34:51+00:00\",\"dateModified\":\"2024-04-10T07:46:40+00:00\",\"mainEntityOfPage\":{\"@id\":\"https:\\\/\\\/www.ingridslaa.nl\\\/de\\\/yvon-velthuijsen\\\/\"},\"wordCount\":713,\"image\":{\"@id\":\"https:\\\/\\\/www.ingridslaa.nl\\\/de\\\/yvon-velthuijsen\\\/#primaryimage\"},\"thumbnailUrl\":\"https:\\\/\\\/www.ingridslaa.nl\\\/wp-content\\\/uploads\\\/2023\\\/03\\\/Yvon-Velthuijsen-portret.jpg\",\"articleSection\":[\"Archiv der Gastk\u00fcnstler\"],\"inLanguage\":\"de\"},{\"@type\":\"WebPage\",\"@id\":\"https:\\\/\\\/www.ingridslaa.nl\\\/de\\\/yvon-velthuijsen\\\/\",\"url\":\"https:\\\/\\\/www.ingridslaa.nl\\\/de\\\/yvon-velthuijsen\\\/\",\"name\":\"14. und 15. Oktober 2023: Yvon Velthuijsen - Ingrid Slaa\",\"isPartOf\":{\"@id\":\"https:\\\/\\\/www.ingridslaa.nl\\\/de\\\/#website\"},\"primaryImageOfPage\":{\"@id\":\"https:\\\/\\\/www.ingridslaa.nl\\\/de\\\/yvon-velthuijsen\\\/#primaryimage\"},\"image\":{\"@id\":\"https:\\\/\\\/www.ingridslaa.nl\\\/de\\\/yvon-velthuijsen\\\/#primaryimage\"},\"thumbnailUrl\":\"https:\\\/\\\/www.ingridslaa.nl\\\/wp-content\\\/uploads\\\/2023\\\/03\\\/Yvon-Velthuijsen-portret.jpg\",\"datePublished\":\"2023-08-29T20:34:51+00:00\",\"dateModified\":\"2024-04-10T07:46:40+00:00\",\"author\":{\"@id\":\"https:\\\/\\\/www.ingridslaa.nl\\\/de\\\/#\\\/schema\\\/person\\\/3659b67200290459d0171e1aa3f5fb63\"},\"breadcrumb\":{\"@id\":\"https:\\\/\\\/www.ingridslaa.nl\\\/de\\\/yvon-velthuijsen\\\/#breadcrumb\"},\"inLanguage\":\"de\",\"potentialAction\":[{\"@type\":\"ReadAction\",\"target\":[\"https:\\\/\\\/www.ingridslaa.nl\\\/de\\\/yvon-velthuijsen\\\/\"]}]},{\"@type\":\"ImageObject\",\"inLanguage\":\"de\",\"@id\":\"https:\\\/\\\/www.ingridslaa.nl\\\/de\\\/yvon-velthuijsen\\\/#primaryimage\",\"url\":\"https:\\\/\\\/www.ingridslaa.nl\\\/wp-content\\\/uploads\\\/2023\\\/03\\\/Yvon-Velthuijsen-portret.jpg\",\"contentUrl\":\"https:\\\/\\\/www.ingridslaa.nl\\\/wp-content\\\/uploads\\\/2023\\\/03\\\/Yvon-Velthuijsen-portret.jpg\",\"width\":1025,\"height\":1009},{\"@type\":\"BreadcrumbList\",\"@id\":\"https:\\\/\\\/www.ingridslaa.nl\\\/de\\\/yvon-velthuijsen\\\/#breadcrumb\",\"itemListElement\":[{\"@type\":\"ListItem\",\"position\":1,\"name\":\"Home\",\"item\":\"https:\\\/\\\/www.ingridslaa.nl\\\/de\\\/startseite\\\/\"},{\"@type\":\"ListItem\",\"position\":2,\"name\":\"14. und 15. Oktober 2023: Yvon Velthuijsen\"}]},{\"@type\":\"WebSite\",\"@id\":\"https:\\\/\\\/www.ingridslaa.nl\\\/de\\\/#website\",\"url\":\"https:\\\/\\\/www.ingridslaa.nl\\\/de\\\/\",\"name\":\"Ingrid Slaa\",\"description\":\"\",\"potentialAction\":[{\"@type\":\"SearchAction\",\"target\":{\"@type\":\"EntryPoint\",\"urlTemplate\":\"https:\\\/\\\/www.ingridslaa.nl\\\/de\\\/?s={search_term_string}\"},\"query-input\":{\"@type\":\"PropertyValueSpecification\",\"valueRequired\":true,\"valueName\":\"search_term_string\"}}],\"inLanguage\":\"de\"},{\"@type\":\"Person\",\"@id\":\"https:\\\/\\\/www.ingridslaa.nl\\\/de\\\/#\\\/schema\\\/person\\\/3659b67200290459d0171e1aa3f5fb63\",\"name\":\"I Slaa\",\"image\":{\"@type\":\"ImageObject\",\"inLanguage\":\"de\",\"@id\":\"https:\\\/\\\/secure.gravatar.com\\\/avatar\\\/0aba7f5926f83ff32d8a0d9922ad8e1c5d10d06c3fccea95ab0fc464d6ee14dc?s=96&d=mm&r=g\",\"url\":\"https:\\\/\\\/secure.gravatar.com\\\/avatar\\\/0aba7f5926f83ff32d8a0d9922ad8e1c5d10d06c3fccea95ab0fc464d6ee14dc?s=96&d=mm&r=g\",\"contentUrl\":\"https:\\\/\\\/secure.gravatar.com\\\/avatar\\\/0aba7f5926f83ff32d8a0d9922ad8e1c5d10d06c3fccea95ab0fc464d6ee14dc?s=96&d=mm&r=g\",\"caption\":\"I Slaa\"},\"url\":\"https:\\\/\\\/www.ingridslaa.nl\\\/de\\\/author\\\/slaaingmar_36\\\/\"}]}<\/script>\n<!-- \/ Yoast SEO plugin. -->","yoast_head_json":{"title":"14. und 15. Oktober 2023: Yvon Velthuijsen - Ingrid Slaa","robots":{"index":"index","follow":"follow","max-snippet":"max-snippet:-1","max-image-preview":"max-image-preview:large","max-video-preview":"max-video-preview:-1"},"canonical":"https:\/\/www.ingridslaa.nl\/de\/yvon-velthuijsen\/","og_locale":"de_DE","og_type":"article","og_title":"14. und 15. Oktober 2023: Yvon Velthuijsen - Ingrid Slaa","og_description":"Am 14. und 15. Oktober 2023 stellte Yvon Velthuijsen in der Galerie aus.","og_url":"https:\/\/www.ingridslaa.nl\/de\/yvon-velthuijsen\/","og_site_name":"Ingrid Slaa","article_published_time":"2023-08-29T20:34:51+00:00","article_modified_time":"2024-04-10T07:46:40+00:00","og_image":[{"width":1025,"height":1009,"url":"https:\/\/www.ingridslaa.nl\/wp-content\/uploads\/2023\/03\/Yvon-Velthuijsen-portret.jpg","type":"image\/jpeg"}],"author":"I Slaa","twitter_card":"summary_large_image","twitter_misc":{"Verfasst von":false,"Gesch\u00e4tzte Lesezeit":"4\u00a0Minuten"},"schema":{"@context":"https:\/\/schema.org","@graph":[{"@type":"Article","@id":"https:\/\/www.ingridslaa.nl\/de\/yvon-velthuijsen\/#article","isPartOf":{"@id":"https:\/\/www.ingridslaa.nl\/de\/yvon-velthuijsen\/"},"author":{"name":"I Slaa","@id":"https:\/\/www.ingridslaa.nl\/de\/#\/schema\/person\/3659b67200290459d0171e1aa3f5fb63"},"headline":"14. und 15. Oktober 2023: Yvon Velthuijsen","datePublished":"2023-08-29T20:34:51+00:00","dateModified":"2024-04-10T07:46:40+00:00","mainEntityOfPage":{"@id":"https:\/\/www.ingridslaa.nl\/de\/yvon-velthuijsen\/"},"wordCount":713,"image":{"@id":"https:\/\/www.ingridslaa.nl\/de\/yvon-velthuijsen\/#primaryimage"},"thumbnailUrl":"https:\/\/www.ingridslaa.nl\/wp-content\/uploads\/2023\/03\/Yvon-Velthuijsen-portret.jpg","articleSection":["Archiv der Gastk\u00fcnstler"],"inLanguage":"de"},{"@type":"WebPage","@id":"https:\/\/www.ingridslaa.nl\/de\/yvon-velthuijsen\/","url":"https:\/\/www.ingridslaa.nl\/de\/yvon-velthuijsen\/","name":"14. und 15. Oktober 2023: Yvon Velthuijsen - Ingrid Slaa","isPartOf":{"@id":"https:\/\/www.ingridslaa.nl\/de\/#website"},"primaryImageOfPage":{"@id":"https:\/\/www.ingridslaa.nl\/de\/yvon-velthuijsen\/#primaryimage"},"image":{"@id":"https:\/\/www.ingridslaa.nl\/de\/yvon-velthuijsen\/#primaryimage"},"thumbnailUrl":"https:\/\/www.ingridslaa.nl\/wp-content\/uploads\/2023\/03\/Yvon-Velthuijsen-portret.jpg","datePublished":"2023-08-29T20:34:51+00:00","dateModified":"2024-04-10T07:46:40+00:00","author":{"@id":"https:\/\/www.ingridslaa.nl\/de\/#\/schema\/person\/3659b67200290459d0171e1aa3f5fb63"},"breadcrumb":{"@id":"https:\/\/www.ingridslaa.nl\/de\/yvon-velthuijsen\/#breadcrumb"},"inLanguage":"de","potentialAction":[{"@type":"ReadAction","target":["https:\/\/www.ingridslaa.nl\/de\/yvon-velthuijsen\/"]}]},{"@type":"ImageObject","inLanguage":"de","@id":"https:\/\/www.ingridslaa.nl\/de\/yvon-velthuijsen\/#primaryimage","url":"https:\/\/www.ingridslaa.nl\/wp-content\/uploads\/2023\/03\/Yvon-Velthuijsen-portret.jpg","contentUrl":"https:\/\/www.ingridslaa.nl\/wp-content\/uploads\/2023\/03\/Yvon-Velthuijsen-portret.jpg","width":1025,"height":1009},{"@type":"BreadcrumbList","@id":"https:\/\/www.ingridslaa.nl\/de\/yvon-velthuijsen\/#breadcrumb","itemListElement":[{"@type":"ListItem","position":1,"name":"Home","item":"https:\/\/www.ingridslaa.nl\/de\/startseite\/"},{"@type":"ListItem","position":2,"name":"14. und 15. Oktober 2023: Yvon Velthuijsen"}]},{"@type":"WebSite","@id":"https:\/\/www.ingridslaa.nl\/de\/#website","url":"https:\/\/www.ingridslaa.nl\/de\/","name":"Ingrid Slaa","description":"","potentialAction":[{"@type":"SearchAction","target":{"@type":"EntryPoint","urlTemplate":"https:\/\/www.ingridslaa.nl\/de\/?s={search_term_string}"},"query-input":{"@type":"PropertyValueSpecification","valueRequired":true,"valueName":"search_term_string"}}],"inLanguage":"de"},{"@type":"Person","@id":"https:\/\/www.ingridslaa.nl\/de\/#\/schema\/person\/3659b67200290459d0171e1aa3f5fb63","name":"I Slaa","image":{"@type":"ImageObject","inLanguage":"de","@id":"https:\/\/secure.gravatar.com\/avatar\/0aba7f5926f83ff32d8a0d9922ad8e1c5d10d06c3fccea95ab0fc464d6ee14dc?s=96&d=mm&r=g","url":"https:\/\/secure.gravatar.com\/avatar\/0aba7f5926f83ff32d8a0d9922ad8e1c5d10d06c3fccea95ab0fc464d6ee14dc?s=96&d=mm&r=g","contentUrl":"https:\/\/secure.gravatar.com\/avatar\/0aba7f5926f83ff32d8a0d9922ad8e1c5d10d06c3fccea95ab0fc464d6ee14dc?s=96&d=mm&r=g","caption":"I Slaa"},"url":"https:\/\/www.ingridslaa.nl\/de\/author\/slaaingmar_36\/"}]}},"_links":{"self":[{"href":"https:\/\/www.ingridslaa.nl\/de\/wp-json\/wp\/v2\/posts\/8752","targetHints":{"allow":["GET"]}}],"collection":[{"href":"https:\/\/www.ingridslaa.nl\/de\/wp-json\/wp\/v2\/posts"}],"about":[{"href":"https:\/\/www.ingridslaa.nl\/de\/wp-json\/wp\/v2\/types\/post"}],"author":[{"embeddable":true,"href":"https:\/\/www.ingridslaa.nl\/de\/wp-json\/wp\/v2\/users\/3"}],"replies":[{"embeddable":true,"href":"https:\/\/www.ingridslaa.nl\/de\/wp-json\/wp\/v2\/comments?post=8752"}],"version-history":[{"count":35,"href":"https:\/\/www.ingridslaa.nl\/de\/wp-json\/wp\/v2\/posts\/8752\/revisions"}],"predecessor-version":[{"id":14612,"href":"https:\/\/www.ingridslaa.nl\/de\/wp-json\/wp\/v2\/posts\/8752\/revisions\/14612"}],"wp:featuredmedia":[{"embeddable":true,"href":"https:\/\/www.ingridslaa.nl\/de\/wp-json\/wp\/v2\/media\/8261"}],"wp:attachment":[{"href":"https:\/\/www.ingridslaa.nl\/de\/wp-json\/wp\/v2\/media?parent=8752"}],"wp:term":[{"taxonomy":"category","embeddable":true,"href":"https:\/\/www.ingridslaa.nl\/de\/wp-json\/wp\/v2\/categories?post=8752"},{"taxonomy":"post_tag","embeddable":true,"href":"https:\/\/www.ingridslaa.nl\/de\/wp-json\/wp\/v2\/tags?post=8752"}],"curies":[{"name":"wp","href":"https:\/\/api.w.org\/{rel}","templated":true}]}}